
{"id":4828,"date":"2010-08-05T00:00:00","date_gmt":"2010-08-05T00:00:00","guid":{"rendered":"https:\/\/www.tnsglobal.pl\/archiwumraportow\/2010\/08\/05\/prezydent-komorowski\/"},"modified":"2010-08-05T00:00:00","modified_gmt":"2010-08-05T00:00:00","slug":"prezydent-komorowski","status":"publish","type":"post","link":"https:\/\/public.kantarpolska.com\/archiwumraportow\/2010\/08\/05\/prezydent-komorowski\/","title":{"rendered":"Prezydent Komorowski"},"content":{"rendered":"<p>Istotnym w\u0105tkiem dyskusji i spor\u00f3w w czasie kampanii wyborczej by\u0142y przysz\u0142e relacje prezydent &#8211; premier z Platformy Obywatelskiej. Zwolennicy Bronis\u0142awa Komorowskiego zapewniali, \u017ce gdy on zostanie prezydentem,<!--more--> to zniknie mo\u017cliwo\u015b\u0107 veta prezydenckiego wobec uchwalonych przez Sejm projekt\u00f3w rz\u0105dowych i wiele spraw ruszy do przodu; zapewniali te\u017c, \u017ce w polityce b\u0119dzie wi\u0119cej zgody i wsp\u00f3\u0142pracy. Zwolennicy Jaros\u0142awa Kaczy\u0144skiego argumentowali odwrotnie: gdy prezydentem zostanie Komorowski, to tym samym jedna partia obejmie ca\u0142kowit\u0105 w\u0142adz\u0119 w pa\u0144stwie i monopol ten zagrozi demokracji. Dodawali te\u017c, \u017ce urz\u0105d prezydenta, obsadzony przez polityka partii rz\u0105dz\u0105cej straci na znaczeniu, a to tym bardziej, \u017ce samemu premierowi zdarzy\u0142o si\u0119 wypowiedzie\u0107 lekcewa\u017c\u0105co o kompetencjach prezydenta. W sonda\u017cu zbadano oczekiwania opinii masowej w pierwszym tygodniu po wyborach.<\/p>\n<div class=\"infopay\">Raport udost\u0119pniany jest bezp\u0142atnie, w us\u0142udze &#8222;udost\u0119pnij aby pobra\u0107&#8221;.<br \/>\n          <b>Na czym to polega?<\/b> Raport b\u0119dzie dost\u0119pny do pobrania w pdf po udost\u0119pnieniu wpisu z linkiem do Archiwum Raport\u00f3w TNS Polska na wybranym serwisie spo\u0142eczno\u015bciowym: Facebooku lub Twitterze.\n          <\/div>\n","protected":false},"excerpt":{"rendered":"<p>Istotnym w\u0105tkiem dyskusji i spor\u00f3w w czasie kampanii wyborczej by\u0142y przysz\u0142e relacje prezydent &#8211; premier z Platformy Obywatelskiej. Zwolennicy Bronis\u0142awa Komorowskiego zapewniali, \u017ce gdy on zostanie prezydentem,<\/p>\n","protected":false},"author":1,"featured_media":0,"comment_status":"closed","ping_status":"closed","sticky":false,"template":"","format":"standard","meta":{"ngg_post_thumbnail":0},"categories":[1],"tags":[],"_links":{"self":[{"href":"https:\/\/public.kantarpolska.com\/archiwumraportow\/wp-json\/wp\/v2\/posts\/4828"}],"collection":[{"href":"https:\/\/public.kantarpolska.com\/archiwumraportow\/wp-json\/wp\/v2\/posts"}],"about":[{"href":"https:\/\/public.kantarpolska.com\/archiwumraportow\/wp-json\/wp\/v2\/types\/post"}],"author":[{"embeddable":true,"href":"https:\/\/public.kantarpolska.com\/archiwumraportow\/wp-json\/wp\/v2\/users\/1"}],"replies":[{"embeddable":true,"href":"https:\/\/public.kantarpolska.com\/archiwumraportow\/wp-json\/wp\/v2\/comments?post=4828"}],"version-history":[{"count":0,"href":"https:\/\/public.kantarpolska.com\/archiwumraportow\/wp-json\/wp\/v2\/posts\/4828\/revisions"}],"wp:attachment":[{"href":"https:\/\/public.kantarpolska.com\/archiwumraportow\/wp-json\/wp\/v2\/media?parent=4828"}],"wp:term":[{"taxonomy":"category","embeddable":true,"href":"https:\/\/public.kantarpolska.com\/archiwumraportow\/wp-json\/wp\/v2\/categories?post=4828"},{"taxonomy":"post_tag","embeddable":true,"href":"https:\/\/public.kantarpolska.com\/archiwumraportow\/wp-json\/wp\/v2\/tags?post=4828"}],"curies":[{"name":"wp","href":"https:\/\/api.w.org\/{rel}","templated":true}]}}