
{"id":482,"date":"2001-09-11T00:00:00","date_gmt":"2001-09-11T00:00:00","guid":{"rendered":"https:\/\/www.tnsglobal.pl\/archiwumraportow\/2001\/09\/11\/ocena-rzadu-premiera-i-prezydenta-tydzien-po-wyborach-parlamentarnych\/"},"modified":"2001-09-11T00:00:00","modified_gmt":"2001-09-11T00:00:00","slug":"ocena-rzadu-premiera-i-prezydenta-tydzien-po-wyborach-parlamentarnych","status":"publish","type":"post","link":"https:\/\/public.kantarpolska.com\/archiwumraportow\/2001\/09\/11\/ocena-rzadu-premiera-i-prezydenta-tydzien-po-wyborach-parlamentarnych\/","title":{"rendered":"Ocena rz\u0105du, premiera i prezydenta tydzie\u0144 po wyborach parlamentarnych"},"content":{"rendered":"<p>Tydzie\u0144 po tym, jak Polacy wybrali nowy sk\u0142ad parlamentu poprosili\u015bmy ich o ocen\u0119 instytucji ust\u0119puj\u0105cego ju\u017c rz\u0105du oraz ko\u0144cz\u0105cego wype\u0142nianie swych obowi\u0105zk\u00f3w premiera. Obecny komunikat jest wi\u0119c ostatni\u0105<!--more--> ocen\u0105 gabinetu Jerzego Buzka. Ponadto badani wypowiedzieli si\u0119 na temat urz\u0119duj\u0105cego prezydenta.<\/p>\n<div class=\"infopay\">Raport udost\u0119pniany jest bezp\u0142atnie, w us\u0142udze &#8222;udost\u0119pnij aby pobra\u0107&#8221;.<br \/>\n          <b>Na czym to polega?<\/b> Raport b\u0119dzie dost\u0119pny do pobrania w pdf po udost\u0119pnieniu wpisu z linkiem do Archiwum Raport\u00f3w TNS Polska na wybranym serwisie spo\u0142eczno\u015bciowym: Facebooku lub Twitterze.\n          <\/div>\n","protected":false},"excerpt":{"rendered":"<p>Tydzie\u0144 po tym, jak Polacy wybrali nowy sk\u0142ad parlamentu poprosili\u015bmy ich o ocen\u0119 instytucji ust\u0119puj\u0105cego ju\u017c rz\u0105du oraz ko\u0144cz\u0105cego wype\u0142nianie swych obowi\u0105zk\u00f3w premiera. Obecny komunikat jest wi\u0119c ostatni\u0105<\/p>\n","protected":false},"author":1,"featured_media":0,"comment_status":"closed","ping_status":"closed","sticky":false,"template":"","format":"standard","meta":{"ngg_post_thumbnail":0},"categories":[1],"tags":[],"_links":{"self":[{"href":"https:\/\/public.kantarpolska.com\/archiwumraportow\/wp-json\/wp\/v2\/posts\/482"}],"collection":[{"href":"https:\/\/public.kantarpolska.com\/archiwumraportow\/wp-json\/wp\/v2\/posts"}],"about":[{"href":"https:\/\/public.kantarpolska.com\/archiwumraportow\/wp-json\/wp\/v2\/types\/post"}],"author":[{"embeddable":true,"href":"https:\/\/public.kantarpolska.com\/archiwumraportow\/wp-json\/wp\/v2\/users\/1"}],"replies":[{"embeddable":true,"href":"https:\/\/public.kantarpolska.com\/archiwumraportow\/wp-json\/wp\/v2\/comments?post=482"}],"version-history":[{"count":0,"href":"https:\/\/public.kantarpolska.com\/archiwumraportow\/wp-json\/wp\/v2\/posts\/482\/revisions"}],"wp:attachment":[{"href":"https:\/\/public.kantarpolska.com\/archiwumraportow\/wp-json\/wp\/v2\/media?parent=482"}],"wp:term":[{"taxonomy":"category","embeddable":true,"href":"https:\/\/public.kantarpolska.com\/archiwumraportow\/wp-json\/wp\/v2\/categories?post=482"},{"taxonomy":"post_tag","embeddable":true,"href":"https:\/\/public.kantarpolska.com\/archiwumraportow\/wp-json\/wp\/v2\/tags?post=482"}],"curies":[{"name":"wp","href":"https:\/\/api.w.org\/{rel}","templated":true}]}}