
{"id":4819,"date":"2010-06-01T00:00:00","date_gmt":"2010-06-01T00:00:00","guid":{"rendered":"https:\/\/www.tnsglobal.pl\/archiwumraportow\/2010\/06\/01\/przyjecie-wspolnej-waluty-euro-w-opinii-polakow-w-kwietniu-2010-r\/"},"modified":"2010-06-01T00:00:00","modified_gmt":"2010-06-01T00:00:00","slug":"przyjecie-wspolnej-waluty-euro-w-opinii-polakow-w-kwietniu-2010-r","status":"publish","type":"post","link":"https:\/\/public.kantarpolska.com\/archiwumraportow\/2010\/06\/01\/przyjecie-wspolnej-waluty-euro-w-opinii-polakow-w-kwietniu-2010-r\/","title":{"rendered":"Przyj\u0119cie wsp\u00f3lnej waluty euro w opinii Polak\u00f3w w kwietniu 2010 r."},"content":{"rendered":"<p>Wprowadzenie w Polsce wsp\u00f3lnej waluty europejskiej oraz przewidywane skutki tej zmiany by\u0142y jednym z temat\u00f3w zrealizowanego w pierwszej po\u0142owie kwietnia br. cyklicznego sonda\u017cu TNS OBOP. Badanie obejmowa\u0142o nast\u0119puj\u0105ce<!--more--> kwestie: og\u00f3lny pogl\u0105d na temat wprowadzenia w Polsce euro, przewidywania dotycz\u0105ce skutk\u00f3w tego kroku dla gospodarstw domowych, polskiej gospodarki i to\u017csamo\u015bci narodowej, a tak\u017ce preferowana data zast\u0105pienia z\u0142ot\u00f3wki wsp\u00f3ln\u0105 walut\u0105 europejsk\u0105. rnSonda\u017c realizowany by\u0142 w dniach katastrofy w Smole\u0144sku oraz og\u0142oszonej po niej \u017ca\u0142oby narodowej. W tygodniach poprzedzaj\u0105cych realizacj\u0119 badania media informowa\u0142y spo\u0142ecze\u0144stwo o problemach strefy euro zwi\u0105zanych z trudn\u0105 sytuacj\u0105 finansow\u0105 Grecji.<\/p>\n<div class=\"infopay\">Raport udost\u0119pniany jest bezp\u0142atnie, w us\u0142udze &#8222;udost\u0119pnij aby pobra\u0107&#8221;.<br \/>\n          <b>Na czym to polega?<\/b> Raport b\u0119dzie dost\u0119pny do pobrania w pdf po udost\u0119pnieniu wpisu z linkiem do Archiwum Raport\u00f3w TNS Polska na wybranym serwisie spo\u0142eczno\u015bciowym: Facebooku lub Twitterze.\n          <\/div>\n","protected":false},"excerpt":{"rendered":"<p>Wprowadzenie w Polsce wsp\u00f3lnej waluty europejskiej oraz przewidywane skutki tej zmiany by\u0142y jednym z temat\u00f3w zrealizowanego w pierwszej po\u0142owie kwietnia br. cyklicznego sonda\u017cu TNS OBOP. Badanie obejmowa\u0142o nast\u0119puj\u0105ce<\/p>\n","protected":false},"author":1,"featured_media":0,"comment_status":"closed","ping_status":"closed","sticky":false,"template":"","format":"standard","meta":{"ngg_post_thumbnail":0},"categories":[1],"tags":[],"_links":{"self":[{"href":"https:\/\/public.kantarpolska.com\/archiwumraportow\/wp-json\/wp\/v2\/posts\/4819"}],"collection":[{"href":"https:\/\/public.kantarpolska.com\/archiwumraportow\/wp-json\/wp\/v2\/posts"}],"about":[{"href":"https:\/\/public.kantarpolska.com\/archiwumraportow\/wp-json\/wp\/v2\/types\/post"}],"author":[{"embeddable":true,"href":"https:\/\/public.kantarpolska.com\/archiwumraportow\/wp-json\/wp\/v2\/users\/1"}],"replies":[{"embeddable":true,"href":"https:\/\/public.kantarpolska.com\/archiwumraportow\/wp-json\/wp\/v2\/comments?post=4819"}],"version-history":[{"count":0,"href":"https:\/\/public.kantarpolska.com\/archiwumraportow\/wp-json\/wp\/v2\/posts\/4819\/revisions"}],"wp:attachment":[{"href":"https:\/\/public.kantarpolska.com\/archiwumraportow\/wp-json\/wp\/v2\/media?parent=4819"}],"wp:term":[{"taxonomy":"category","embeddable":true,"href":"https:\/\/public.kantarpolska.com\/archiwumraportow\/wp-json\/wp\/v2\/categories?post=4819"},{"taxonomy":"post_tag","embeddable":true,"href":"https:\/\/public.kantarpolska.com\/archiwumraportow\/wp-json\/wp\/v2\/tags?post=4819"}],"curies":[{"name":"wp","href":"https:\/\/api.w.org\/{rel}","templated":true}]}}