
{"id":4817,"date":"2010-05-25T00:00:00","date_gmt":"2010-05-25T00:00:00","guid":{"rendered":"https:\/\/www.tnsglobal.pl\/archiwumraportow\/2010\/05\/25\/samoswiadomosc-historyczna-po-smolensku\/"},"modified":"2010-05-25T00:00:00","modified_gmt":"2010-05-25T00:00:00","slug":"samoswiadomosc-historyczna-po-smolensku","status":"publish","type":"post","link":"https:\/\/public.kantarpolska.com\/archiwumraportow\/2010\/05\/25\/samoswiadomosc-historyczna-po-smolensku\/","title":{"rendered":"Samo\u015bwiadomo\u015b\u0107 historyczna po Smole\u0144sku"},"content":{"rendered":"<p>Pami\u0119\u0107 zbiorowa obejmuje zar\u00f3wno zdarzenia, z kt\u00f3rych narody czerpi\u0105 dum\u0119, jak i zdarzenia, b\u0119d\u0105ce powodem do wstydu. Narody podtrzymuj\u0105 pami\u0119\u0107 czyn\u00f3w chwalebnych, a wypieraj\u0105 z niej zdarzenia<!--more--> haniebne, pami\u0119\u0107 nie jest bowiem bezstronnym >>historykiem narodu<<, lecz s\u0142u\u017cy podtrzymywaniu kolektywnego Ja. O Polakach s\u0105dzi si\u0119, \u017ce maj\u0105 do swej przesz\u0142o\u015bci stosunek apolegetyczny i s\u0105 odporni na to, co przeszkadza im w samouwielbieniu. S\u0105dzi si\u0119 te\u017c, \u017ce w ich wyobra\u017ceniach o sobie wa\u017cne miejsce zajmuje przekonanie o wyj\u0105tkowo\u015bci narodu polskiego, o jego szczeg\u00f3lnym bohaterstwie i wyj\u0105tkowej skali cierpie\u0144, kt\u00f3rych dozna\u0142. Sprawy te OBOP, a potem TNS OBOP bada\u0142 ju\u017c wcze\u015bniej (1996, 2006, 2008). Tym razem, w sonda\u017cu zrealizowanym w dniach 7-10 maja 2010 r., zbadano je w miesi\u0105c po tragicznej katastrofie smole\u0144skiej i po okresie wzmo\u017cenia i publicznego wyra\u017cania uczu\u0107 narodowych. Czy okoliczno\u015bci te wywar\u0142y wp\u0142yw na my\u015blenie Polak\u00f3w o sobie?.  O tym m\u00f3wi niniejszy raport.\n\n<div class=\"infopay\">Raport udost\u0119pniany jest bezp\u0142atnie, w us\u0142udze &#8222;udost\u0119pnij aby pobra\u0107&#8221;.<br \/>\n          <b>Na czym to polega?<\/b> Raport b\u0119dzie dost\u0119pny do pobrania w pdf po udost\u0119pnieniu wpisu z linkiem do Archiwum Raport\u00f3w TNS Polska na wybranym serwisie spo\u0142eczno\u015bciowym: Facebooku lub Twitterze.\n          <\/div>\n","protected":false},"excerpt":{"rendered":"<p>Pami\u0119\u0107 zbiorowa obejmuje zar\u00f3wno zdarzenia, z kt\u00f3rych narody czerpi\u0105 dum\u0119, jak i zdarzenia, b\u0119d\u0105ce powodem do wstydu. Narody podtrzymuj\u0105 pami\u0119\u0107 czyn\u00f3w chwalebnych, a wypieraj\u0105 z niej zdarzenia<\/p>\n","protected":false},"author":1,"featured_media":0,"comment_status":"closed","ping_status":"closed","sticky":false,"template":"","format":"standard","meta":{"ngg_post_thumbnail":0},"categories":[1],"tags":[],"_links":{"self":[{"href":"https:\/\/public.kantarpolska.com\/archiwumraportow\/wp-json\/wp\/v2\/posts\/4817"}],"collection":[{"href":"https:\/\/public.kantarpolska.com\/archiwumraportow\/wp-json\/wp\/v2\/posts"}],"about":[{"href":"https:\/\/public.kantarpolska.com\/archiwumraportow\/wp-json\/wp\/v2\/types\/post"}],"author":[{"embeddable":true,"href":"https:\/\/public.kantarpolska.com\/archiwumraportow\/wp-json\/wp\/v2\/users\/1"}],"replies":[{"embeddable":true,"href":"https:\/\/public.kantarpolska.com\/archiwumraportow\/wp-json\/wp\/v2\/comments?post=4817"}],"version-history":[{"count":2,"href":"https:\/\/public.kantarpolska.com\/archiwumraportow\/wp-json\/wp\/v2\/posts\/4817\/revisions"}],"predecessor-version":[{"id":6565,"href":"https:\/\/public.kantarpolska.com\/archiwumraportow\/wp-json\/wp\/v2\/posts\/4817\/revisions\/6565"}],"wp:attachment":[{"href":"https:\/\/public.kantarpolska.com\/archiwumraportow\/wp-json\/wp\/v2\/media?parent=4817"}],"wp:term":[{"taxonomy":"category","embeddable":true,"href":"https:\/\/public.kantarpolska.com\/archiwumraportow\/wp-json\/wp\/v2\/categories?post=4817"},{"taxonomy":"post_tag","embeddable":true,"href":"https:\/\/public.kantarpolska.com\/archiwumraportow\/wp-json\/wp\/v2\/tags?post=4817"}],"curies":[{"name":"wp","href":"https:\/\/api.w.org\/{rel}","templated":true}]}}