
{"id":4808,"date":"2010-04-26T00:00:00","date_gmt":"2010-04-26T00:00:00","guid":{"rendered":"https:\/\/www.tnsglobal.pl\/archiwumraportow\/2010\/04\/26\/preferencje-partyjne-polakow-w-kwietniu-2010-r-przed-w-trakcie-i-po-katastrofie-prezydenckiego-samolotu-pod-smolenskiem\/"},"modified":"2010-04-26T00:00:00","modified_gmt":"2010-04-26T00:00:00","slug":"preferencje-partyjne-polakow-w-kwietniu-2010-r-przed-w-trakcie-i-po-katastrofie-prezydenckiego-samolotu-pod-smolenskiem","status":"publish","type":"post","link":"https:\/\/public.kantarpolska.com\/archiwumraportow\/2010\/04\/26\/preferencje-partyjne-polakow-w-kwietniu-2010-r-przed-w-trakcie-i-po-katastrofie-prezydenckiego-samolotu-pod-smolenskiem\/","title":{"rendered":"Preferencje partyjne Polak\u00f3w w kwietniu 2010 r. (przed , w trakcie i po katastrofie prezydenckiego samolotu pod Smole\u0144skiem)"},"content":{"rendered":"<p>Pomiar preferencji partyjnych jest cyklicznym badaniem przeprowadzanym przez TNS OBOP na pocz\u0105tku ka\u017cdego miesi\u0105ca. W sonda\u017cu tym pytamy Polak\u00f3w czy wzi\u0119liby udzia\u0142 w wyborach parlamentarnych, gdyby<!--more--> mia\u0142y si\u0119 one odbywa\u0107 w najbli\u017csz\u0105 niedziel\u0119, a nast\u0119pnie &#8211; osoby odpowiadaj\u0105ce pozytywnie &#8211; prosimy o wskazanie tej partii, kt\u00f3rej zamierza\u0142yby przekaza\u0107 poparcie. rnrnTermin najnowszego, kwietniowego pomiaru przypad\u0142 na ten moment w historii naszego kraju, o kt\u00f3rym nikt nie \u015bmia\u0142 przypuszcza\u0107, \u017ce m\u00f3g\u0142by si\u0119 kiedykolwiek wydarzy\u0107. W katastrofie prezydenckiego samolotu pod Smole\u0144skiem \u015bmier\u0107 ponie\u015bli wszyscy przebywaj\u0105cy na pok\u0142adzie &#8211; \u0142\u0105cznie z Prezydentem RP Lechem Kaczy\u0144skim, szefami polskich si\u0142 zbrojnych, \u015bmier\u0107 ponie\u015bli przedstawiciele Sejmu i Senatu, szefowie wielu wa\u017cnych instytucji publicznych&#8230; rnNajnowsze wyniki maj\u0105 wi\u0119c charakter szczeg\u00f3lny &#8211; z jednej strony zawieraj\u0105 deklaracje ludzi z okresu przed, w trakcie (tak umownie nazwijmy okres soboty i niedzieli, gdy dociera\u0142a &#8211; dos\u0142ownie i w przeno\u015bni &#8211; do nas informacja o tym co si\u0119 sta\u0142o) i po katastrofie. Analiza tych wynik\u00f3w u\u015brednionych (og\u00f3\u0142em &#8211; tak jak ma to zwykle miejsce) nie odpowiada na pytania, czy i jak zmieniali\u015bmy si\u0119 pod wp\u0142ywem informacji, jakie do nas dociera\u0142y. Dlatego te\u017c postanowili\u015bmy dodatkowo pokaza\u0107 najnowsze wyniki w poszczeg\u00f3lnych dniach realizacji, z tym \u017ce ze wzgl\u0119du na stosunkowo niewielkie liczebno\u015bci wyniki te zosta\u0142y po\u0142\u0105czone wg schematu: rn- 8 &#8211; 9 kwietnia &#8211; czwartek, pi\u0105tek (Polska przed katastrof\u0105 prezydenckiego samolotu);rn- 10 &#8211; 11 kwietnia &#8211; sobota, niedziela (moment narodowej traumy &#8211; Polska w obliczu katastrofy prezydenckiego samolotu);rn- 12 &#8211; 13 &#8211; 14 &#8211; poniedzia\u0142ek, wtorek, \u015broda (Polska po katastrofie polskiego samolotu pod Smole\u0144skiem)<\/p>\n<div class=\"infopay\">Raport udost\u0119pniany jest bezp\u0142atnie, w us\u0142udze &#8222;udost\u0119pnij aby pobra\u0107&#8221;.<br \/>\n          <b>Na czym to polega?<\/b> Raport b\u0119dzie dost\u0119pny do pobrania w pdf po udost\u0119pnieniu wpisu z linkiem do Archiwum Raport\u00f3w TNS Polska na wybranym serwisie spo\u0142eczno\u015bciowym: Facebooku lub Twitterze.\n          <\/div>\n","protected":false},"excerpt":{"rendered":"<p>Pomiar preferencji partyjnych jest cyklicznym badaniem przeprowadzanym przez TNS OBOP na pocz\u0105tku ka\u017cdego miesi\u0105ca. W sonda\u017cu tym pytamy Polak\u00f3w czy wzi\u0119liby udzia\u0142 w wyborach parlamentarnych, gdyby<\/p>\n","protected":false},"author":1,"featured_media":0,"comment_status":"closed","ping_status":"closed","sticky":false,"template":"","format":"standard","meta":{"ngg_post_thumbnail":0},"categories":[1],"tags":[],"_links":{"self":[{"href":"https:\/\/public.kantarpolska.com\/archiwumraportow\/wp-json\/wp\/v2\/posts\/4808"}],"collection":[{"href":"https:\/\/public.kantarpolska.com\/archiwumraportow\/wp-json\/wp\/v2\/posts"}],"about":[{"href":"https:\/\/public.kantarpolska.com\/archiwumraportow\/wp-json\/wp\/v2\/types\/post"}],"author":[{"embeddable":true,"href":"https:\/\/public.kantarpolska.com\/archiwumraportow\/wp-json\/wp\/v2\/users\/1"}],"replies":[{"embeddable":true,"href":"https:\/\/public.kantarpolska.com\/archiwumraportow\/wp-json\/wp\/v2\/comments?post=4808"}],"version-history":[{"count":0,"href":"https:\/\/public.kantarpolska.com\/archiwumraportow\/wp-json\/wp\/v2\/posts\/4808\/revisions"}],"wp:attachment":[{"href":"https:\/\/public.kantarpolska.com\/archiwumraportow\/wp-json\/wp\/v2\/media?parent=4808"}],"wp:term":[{"taxonomy":"category","embeddable":true,"href":"https:\/\/public.kantarpolska.com\/archiwumraportow\/wp-json\/wp\/v2\/categories?post=4808"},{"taxonomy":"post_tag","embeddable":true,"href":"https:\/\/public.kantarpolska.com\/archiwumraportow\/wp-json\/wp\/v2\/tags?post=4808"}],"curies":[{"name":"wp","href":"https:\/\/api.w.org\/{rel}","templated":true}]}}