
{"id":4804,"date":"2010-03-26T00:00:00","date_gmt":"2010-03-26T00:00:00","guid":{"rendered":"https:\/\/www.tnsglobal.pl\/archiwumraportow\/2010\/03\/26\/ocena-dzialalnosci-rzadu-premiera-i-prezydenta-w-marcu-2010-roku\/"},"modified":"2010-03-26T00:00:00","modified_gmt":"2010-03-26T00:00:00","slug":"ocena-dzialalnosci-rzadu-premiera-i-prezydenta-w-marcu-2010-roku","status":"publish","type":"post","link":"https:\/\/public.kantarpolska.com\/archiwumraportow\/2010\/03\/26\/ocena-dzialalnosci-rzadu-premiera-i-prezydenta-w-marcu-2010-roku\/","title":{"rendered":"Ocena dzia\u0142alno\u015bci rz\u0105du, premiera i prezydenta w marcu 2010 roku"},"content":{"rendered":"<p>Jak Polacy oceniaj\u0105 dzia\u0142alno\u015b\u0107 rz\u0105du? Czy Donald Tusk dobrze wype\u0142nia obowi\u0105zki premiera, a Lech Kaczy\u0144ski &#8211; obowi\u0105zki prezydenta? Te pytania TNS OBOP zadaje Polakom cyklicznie od wielu lat. Zapowiadany<!--more--> raport przedstawia wyniki najnowszego sonda\u017cu, przeprowadzonego na pocz\u0105tku marca br., a ponadto zestawia je z danymi uzyskiwanymi co miesi\u0105c od pa\u017adziernika 2008 r.<\/p>\n<div class=\"infopay\">Raport udost\u0119pniany jest bezp\u0142atnie, w us\u0142udze &#8222;udost\u0119pnij aby pobra\u0107&#8221;.<br \/>\n          <b>Na czym to polega?<\/b> Raport b\u0119dzie dost\u0119pny do pobrania w pdf po udost\u0119pnieniu wpisu z linkiem do Archiwum Raport\u00f3w TNS Polska na wybranym serwisie spo\u0142eczno\u015bciowym: Facebooku lub Twitterze.\n          <\/div>\n","protected":false},"excerpt":{"rendered":"<p>Jak Polacy oceniaj\u0105 dzia\u0142alno\u015b\u0107 rz\u0105du? Czy Donald Tusk dobrze wype\u0142nia obowi\u0105zki premiera, a Lech Kaczy\u0144ski &#8211; obowi\u0105zki prezydenta? Te pytania TNS OBOP zadaje Polakom cyklicznie od wielu lat. Zapowiadany<\/p>\n","protected":false},"author":1,"featured_media":0,"comment_status":"closed","ping_status":"closed","sticky":false,"template":"","format":"standard","meta":{"ngg_post_thumbnail":0},"categories":[1],"tags":[],"_links":{"self":[{"href":"https:\/\/public.kantarpolska.com\/archiwumraportow\/wp-json\/wp\/v2\/posts\/4804"}],"collection":[{"href":"https:\/\/public.kantarpolska.com\/archiwumraportow\/wp-json\/wp\/v2\/posts"}],"about":[{"href":"https:\/\/public.kantarpolska.com\/archiwumraportow\/wp-json\/wp\/v2\/types\/post"}],"author":[{"embeddable":true,"href":"https:\/\/public.kantarpolska.com\/archiwumraportow\/wp-json\/wp\/v2\/users\/1"}],"replies":[{"embeddable":true,"href":"https:\/\/public.kantarpolska.com\/archiwumraportow\/wp-json\/wp\/v2\/comments?post=4804"}],"version-history":[{"count":0,"href":"https:\/\/public.kantarpolska.com\/archiwumraportow\/wp-json\/wp\/v2\/posts\/4804\/revisions"}],"wp:attachment":[{"href":"https:\/\/public.kantarpolska.com\/archiwumraportow\/wp-json\/wp\/v2\/media?parent=4804"}],"wp:term":[{"taxonomy":"category","embeddable":true,"href":"https:\/\/public.kantarpolska.com\/archiwumraportow\/wp-json\/wp\/v2\/categories?post=4804"},{"taxonomy":"post_tag","embeddable":true,"href":"https:\/\/public.kantarpolska.com\/archiwumraportow\/wp-json\/wp\/v2\/tags?post=4804"}],"curies":[{"name":"wp","href":"https:\/\/api.w.org\/{rel}","templated":true}]}}