
{"id":4789,"date":"2010-01-26T00:00:00","date_gmt":"2010-01-26T00:00:00","guid":{"rendered":"https:\/\/www.tnsglobal.pl\/archiwumraportow\/2010\/01\/26\/auschwitz\/"},"modified":"2010-01-26T00:00:00","modified_gmt":"2010-01-26T00:00:00","slug":"auschwitz","status":"publish","type":"post","link":"https:\/\/public.kantarpolska.com\/archiwumraportow\/2010\/01\/26\/auschwitz\/","title":{"rendered":"Auschwitz"},"content":{"rendered":"<p>W dniu 27 stycznia mija\u0107 b\u0119dzie 65 rocznica wyzwolenia obozu Auschwitz Birkenau. W przededniu uroczysto\u015bci rocznicowych TNS OBOP przeprowadzi\u0142 na zlecenie dr hab. Marka Kuci, profesora Uniwersytetu Jagiello\u0144skiego<!--more--> badanie dotycz\u0105ce pami\u0119ci, wiedzy i \u015bwiadomo\u015bci Polak\u00f3w o KL Auschwitz. Sonda\u017c ten by\u0142 w przewa\u017caj\u0105cej cz\u0119\u015bci powt\u00f3rzeniem analogicznych bada\u0144 jakie prowadzi\u0142 dr Kucia przed dziesi\u0119cioma laty &#8211; jego celem by\u0142o wi\u0119c zdiagnozowanie zmian, jakie w ci\u0105gu tego dziesi\u0119ciolecia zasz\u0142y w \u015bwiadomo\u015bci spo\u0142ecznej. rnW roku 2000 badania zosta\u0142y przeprowadzone w dw\u00f3ch falach &#8211; pierwsza mia\u0142a miejsce mi\u0119dzy 15 a 17 stycznia &#8211; a wi\u0119c tu\u017c przed rocznic\u0105 wyzwolenia obozu, natomiast druga &#8211; dwa tygodnie p\u00f3\u017aniej &#8211; mi\u0119dzy 29 a 31 stycznia &#8211; gdy relacje z uroczysto\u015bci rocznicowych, wspomnienia \u015bwiadk\u00f3w przypominaj\u0105ce \u017cyj\u0105cym o tym co dzia\u0142o si\u0119 w obozie by\u0142y wci\u0105\u017c obecne w \u015bwiadomo\u015bci Polak\u00f3w. rnUzyskane w naszym najnowszym sonda\u017cu wyniki mo\u017cna wi\u0119c por\u00f3wnywa\u0107 w dw\u00f3ch wymiarach &#8211; w stosunku do pomiaru pierwszego z roku 2000 (oba wyniki pochodz\u0105 z okresu zanim fala informacji na temat tragedii Auschwitz-Birkenau przetoczy si\u0119 przez media) i w stosunku do pomiaru drugiego &#8211; tzn. na ile zmiany, kt\u00f3re zasz\u0142y pod wp\u0142ywem informacji rocznicowych, po 10 latach i 9 kolejnych obchodach rocznicowych okaza\u0142y si\u0119 by\u0107 zmianami trwa\u0142ymi.<\/p>\n<div class=\"infopay\">Raport udost\u0119pniany jest bezp\u0142atnie, w us\u0142udze &#8222;udost\u0119pnij aby pobra\u0107&#8221;.<br \/>\n          <b>Na czym to polega?<\/b> Raport b\u0119dzie dost\u0119pny do pobrania w pdf po udost\u0119pnieniu wpisu z linkiem do Archiwum Raport\u00f3w TNS Polska na wybranym serwisie spo\u0142eczno\u015bciowym: Facebooku lub Twitterze.\n          <\/div>\n","protected":false},"excerpt":{"rendered":"<p>W dniu 27 stycznia mija\u0107 b\u0119dzie 65 rocznica wyzwolenia obozu Auschwitz Birkenau. W przededniu uroczysto\u015bci rocznicowych TNS OBOP przeprowadzi\u0142 na zlecenie dr hab. Marka Kuci, profesora Uniwersytetu Jagiello\u0144skiego<\/p>\n","protected":false},"author":1,"featured_media":0,"comment_status":"closed","ping_status":"closed","sticky":false,"template":"","format":"standard","meta":{"ngg_post_thumbnail":0},"categories":[1],"tags":[],"_links":{"self":[{"href":"https:\/\/public.kantarpolska.com\/archiwumraportow\/wp-json\/wp\/v2\/posts\/4789"}],"collection":[{"href":"https:\/\/public.kantarpolska.com\/archiwumraportow\/wp-json\/wp\/v2\/posts"}],"about":[{"href":"https:\/\/public.kantarpolska.com\/archiwumraportow\/wp-json\/wp\/v2\/types\/post"}],"author":[{"embeddable":true,"href":"https:\/\/public.kantarpolska.com\/archiwumraportow\/wp-json\/wp\/v2\/users\/1"}],"replies":[{"embeddable":true,"href":"https:\/\/public.kantarpolska.com\/archiwumraportow\/wp-json\/wp\/v2\/comments?post=4789"}],"version-history":[{"count":0,"href":"https:\/\/public.kantarpolska.com\/archiwumraportow\/wp-json\/wp\/v2\/posts\/4789\/revisions"}],"wp:attachment":[{"href":"https:\/\/public.kantarpolska.com\/archiwumraportow\/wp-json\/wp\/v2\/media?parent=4789"}],"wp:term":[{"taxonomy":"category","embeddable":true,"href":"https:\/\/public.kantarpolska.com\/archiwumraportow\/wp-json\/wp\/v2\/categories?post=4789"},{"taxonomy":"post_tag","embeddable":true,"href":"https:\/\/public.kantarpolska.com\/archiwumraportow\/wp-json\/wp\/v2\/tags?post=4789"}],"curies":[{"name":"wp","href":"https:\/\/api.w.org\/{rel}","templated":true}]}}