
{"id":4785,"date":"2010-01-05T00:00:00","date_gmt":"2010-01-05T00:00:00","guid":{"rendered":"https:\/\/www.tnsglobal.pl\/archiwumraportow\/2010\/01\/05\/grypa-2009\/"},"modified":"2010-01-05T00:00:00","modified_gmt":"2010-01-05T00:00:00","slug":"grypa-2009","status":"publish","type":"post","link":"https:\/\/public.kantarpolska.com\/archiwumraportow\/2010\/01\/05\/grypa-2009\/","title":{"rendered":"Grypa 2009"},"content":{"rendered":"<p>Jesieni\u0105 2009 r. w Polsce grypa, a w szczeg\u00f3lno\u015bci &#8222;\u015bwi\u0144ska grypa&#8221; sta\u0142a si\u0119 problemem zdrowia publicznego. Wed\u0142ug Pa\u0144stwowego Zak\u0142adu Higieny od 8 do 15 listopada 2009 r.<!--more--> w ca\u0142ym kraju zarejestrowano 41 tys. zachorowa\u0144 i podejrze\u0144 zachorowa\u0144 na gryp\u0119. To najwi\u0119ksza liczba zachorowa\u0144 o tej porze roku w ostatnich latach. Fala ta ros\u0142a i osi\u0105gn\u0119\u0142a szczyt na prze\u0142omie listopada i grudnia, ale w grudniu  s\u0142ab\u0142a z tygodnia na tydzie\u0144. rnGrypa by\u0142a tak\u017ce problemem popularnych medi\u00f3w. Monitorowa\u0142y one pojawianie si\u0119 przypadk\u00f3w &#8222;\u015bwi\u0144skiej grypy&#8221;, skupia\u0142y publiczn\u0105 uwag\u0119 na grypie, pokazywa\u0142y gro\u017ane scenariusze zwi\u0105zane z  mo\u017cliwo\u015bci\u0105 wybuchu jej epidemii. Grypa by\u0142a te\u017c problemem politycznym &#8211; rzecznik praw obywatelskich z\u0142o\u017cy\u0142 nawet doniesienie do prokuratury, w kt\u00f3rym oceni\u0142, \u017ce minister zdrowia stworzy\u0142a niebezpiecze\u0144stwo powszechnego zagro\u017cenia epidemi\u0105 \u015bwi\u0144skiej grypy, gdy\u017c nie zapewni\u0142a szczepionek osobom z grupy podwy\u017cszonego ryzyka i nie zgodzi\u0142a si\u0119 na sprzeda\u017c szczepionek w aptekach. rnCho\u0107 fala zachorowa\u0144 na gryp\u0119 mo\u017ce si\u0119 podnie\u015b\u0107 ponownie, epidemia grypy w Polsce nie wybuch\u0142a. Przeprowadzony przez TNS OBOP w dn. 3-6.12.2009 r. reprezentacyjny sonda\u017c pokazuje zasi\u0119g grypy w Polsce oraz niekt\u00f3re zachowania z ni\u0105 zwi\u0105zane.<\/p>\n<div class=\"infopay\">Raport udost\u0119pniany jest bezp\u0142atnie, w us\u0142udze &#8222;udost\u0119pnij aby pobra\u0107&#8221;.<br \/>\n          <b>Na czym to polega?<\/b> Raport b\u0119dzie dost\u0119pny do pobrania w pdf po udost\u0119pnieniu wpisu z linkiem do Archiwum Raport\u00f3w TNS Polska na wybranym serwisie spo\u0142eczno\u015bciowym: Facebooku lub Twitterze.\n          <\/div>\n","protected":false},"excerpt":{"rendered":"<p>Jesieni\u0105 2009 r. w Polsce grypa, a w szczeg\u00f3lno\u015bci &#8222;\u015bwi\u0144ska grypa&#8221; sta\u0142a si\u0119 problemem zdrowia publicznego. Wed\u0142ug Pa\u0144stwowego Zak\u0142adu Higieny od 8 do 15 listopada 2009 r.<\/p>\n","protected":false},"author":1,"featured_media":0,"comment_status":"closed","ping_status":"closed","sticky":false,"template":"","format":"standard","meta":{"ngg_post_thumbnail":0},"categories":[1],"tags":[],"_links":{"self":[{"href":"https:\/\/public.kantarpolska.com\/archiwumraportow\/wp-json\/wp\/v2\/posts\/4785"}],"collection":[{"href":"https:\/\/public.kantarpolska.com\/archiwumraportow\/wp-json\/wp\/v2\/posts"}],"about":[{"href":"https:\/\/public.kantarpolska.com\/archiwumraportow\/wp-json\/wp\/v2\/types\/post"}],"author":[{"embeddable":true,"href":"https:\/\/public.kantarpolska.com\/archiwumraportow\/wp-json\/wp\/v2\/users\/1"}],"replies":[{"embeddable":true,"href":"https:\/\/public.kantarpolska.com\/archiwumraportow\/wp-json\/wp\/v2\/comments?post=4785"}],"version-history":[{"count":1,"href":"https:\/\/public.kantarpolska.com\/archiwumraportow\/wp-json\/wp\/v2\/posts\/4785\/revisions"}],"predecessor-version":[{"id":5748,"href":"https:\/\/public.kantarpolska.com\/archiwumraportow\/wp-json\/wp\/v2\/posts\/4785\/revisions\/5748"}],"wp:attachment":[{"href":"https:\/\/public.kantarpolska.com\/archiwumraportow\/wp-json\/wp\/v2\/media?parent=4785"}],"wp:term":[{"taxonomy":"category","embeddable":true,"href":"https:\/\/public.kantarpolska.com\/archiwumraportow\/wp-json\/wp\/v2\/categories?post=4785"},{"taxonomy":"post_tag","embeddable":true,"href":"https:\/\/public.kantarpolska.com\/archiwumraportow\/wp-json\/wp\/v2\/tags?post=4785"}],"curies":[{"name":"wp","href":"https:\/\/api.w.org\/{rel}","templated":true}]}}