
{"id":4784,"date":"2009-12-29T00:00:00","date_gmt":"2009-12-29T00:00:00","guid":{"rendered":"https:\/\/www.tnsglobal.pl\/archiwumraportow\/2009\/12\/29\/przyjecie-wspolnej-waluty-euro-w-opinii-polakow-w-grudniu-2009-r\/"},"modified":"2009-12-29T00:00:00","modified_gmt":"2009-12-29T00:00:00","slug":"przyjecie-wspolnej-waluty-euro-w-opinii-polakow-w-grudniu-2009-r","status":"publish","type":"post","link":"https:\/\/public.kantarpolska.com\/archiwumraportow\/2009\/12\/29\/przyjecie-wspolnej-waluty-euro-w-opinii-polakow-w-grudniu-2009-r\/","title":{"rendered":"Przyj\u0119cie wsp\u00f3lnej waluty euro w opinii Polak\u00f3w w grudniu 2009 r."},"content":{"rendered":"<p>W grudniowym cyklicznym sonda\u017cu TNS OBOP zapytano Polak\u00f3w o ich stosunek do wprowadzenia w Polsce wsp\u00f3lnej waluty europejskiej: opini\u0119, czy b\u0119dzie to czym\u015b dobrym czy z\u0142ym, przewidywane nast\u0119pstwa<!--more--> dla w\u0142asnego gospodarstwa domowego, polskiej gospodarki i to\u017csamo\u015bci narodowej, jak r\u00f3wnie\u017c preferowan\u0105 dat\u0119 przyj\u0119cia euro. Uzyskane dane zestawiono z wynikami wcze\u015bniejszych sonda\u017cy na ten temat.<\/p>\n<div class=\"infopay\">Raport udost\u0119pniany jest bezp\u0142atnie, w us\u0142udze &#8222;udost\u0119pnij aby pobra\u0107&#8221;.<br \/>\n          <b>Na czym to polega?<\/b> Raport b\u0119dzie dost\u0119pny do pobrania w pdf po udost\u0119pnieniu wpisu z linkiem do Archiwum Raport\u00f3w TNS Polska na wybranym serwisie spo\u0142eczno\u015bciowym: Facebooku lub Twitterze.\n          <\/div>\n","protected":false},"excerpt":{"rendered":"<p>W grudniowym cyklicznym sonda\u017cu TNS OBOP zapytano Polak\u00f3w o ich stosunek do wprowadzenia w Polsce wsp\u00f3lnej waluty europejskiej: opini\u0119, czy b\u0119dzie to czym\u015b dobrym czy z\u0142ym, przewidywane nast\u0119pstwa<\/p>\n","protected":false},"author":1,"featured_media":0,"comment_status":"closed","ping_status":"closed","sticky":false,"template":"","format":"standard","meta":{"ngg_post_thumbnail":0},"categories":[1],"tags":[],"_links":{"self":[{"href":"https:\/\/public.kantarpolska.com\/archiwumraportow\/wp-json\/wp\/v2\/posts\/4784"}],"collection":[{"href":"https:\/\/public.kantarpolska.com\/archiwumraportow\/wp-json\/wp\/v2\/posts"}],"about":[{"href":"https:\/\/public.kantarpolska.com\/archiwumraportow\/wp-json\/wp\/v2\/types\/post"}],"author":[{"embeddable":true,"href":"https:\/\/public.kantarpolska.com\/archiwumraportow\/wp-json\/wp\/v2\/users\/1"}],"replies":[{"embeddable":true,"href":"https:\/\/public.kantarpolska.com\/archiwumraportow\/wp-json\/wp\/v2\/comments?post=4784"}],"version-history":[{"count":0,"href":"https:\/\/public.kantarpolska.com\/archiwumraportow\/wp-json\/wp\/v2\/posts\/4784\/revisions"}],"wp:attachment":[{"href":"https:\/\/public.kantarpolska.com\/archiwumraportow\/wp-json\/wp\/v2\/media?parent=4784"}],"wp:term":[{"taxonomy":"category","embeddable":true,"href":"https:\/\/public.kantarpolska.com\/archiwumraportow\/wp-json\/wp\/v2\/categories?post=4784"},{"taxonomy":"post_tag","embeddable":true,"href":"https:\/\/public.kantarpolska.com\/archiwumraportow\/wp-json\/wp\/v2\/tags?post=4784"}],"curies":[{"name":"wp","href":"https:\/\/api.w.org\/{rel}","templated":true}]}}