
{"id":4773,"date":"2009-11-19T00:00:00","date_gmt":"2009-11-19T00:00:00","guid":{"rendered":"https:\/\/www.tnsglobal.pl\/archiwumraportow\/2009\/11\/19\/preferencje-partyjne-polakow-w-pierwszej-polowie-listopada-2009-r\/"},"modified":"2009-11-19T00:00:00","modified_gmt":"2009-11-19T00:00:00","slug":"preferencje-partyjne-polakow-w-pierwszej-polowie-listopada-2009-r","status":"publish","type":"post","link":"https:\/\/public.kantarpolska.com\/archiwumraportow\/2009\/11\/19\/preferencje-partyjne-polakow-w-pierwszej-polowie-listopada-2009-r\/","title":{"rendered":"Preferencje partyjne Polak\u00f3w w pierwszej po\u0142owie listopada 2009 r."},"content":{"rendered":"<p>Cykliczny, comiesi\u0119czny pomiar preferencji partyjnych zosta\u0142 przeprowadzony przez TNS OBOP mi\u0119dzy 5 a 8 listopada b.r. W zrealizowanym sonda\u017cu pytali\u015bmy Polak\u00f3w o gotowo\u015b\u0107 wzi\u0119cia udzia\u0142u w wyborach parlamentarnych,<!--more--> gdyby mia\u0142y si\u0119 one odby\u0107 w najbli\u017csz\u0105 niedziel\u0119, a tak\u017ce o to, jakie partie w wyborach tych by poparli. Zapowiadany komunikat prezentuje wyniki tego badania.<\/p>\n<div class=\"infopay\">Raport udost\u0119pniany jest bezp\u0142atnie, w us\u0142udze &#8222;udost\u0119pnij aby pobra\u0107&#8221;.<br \/>\n          <b>Na czym to polega?<\/b> Raport b\u0119dzie dost\u0119pny do pobrania w pdf po udost\u0119pnieniu wpisu z linkiem do Archiwum Raport\u00f3w TNS Polska na wybranym serwisie spo\u0142eczno\u015bciowym: Facebooku lub Twitterze.\n          <\/div>\n","protected":false},"excerpt":{"rendered":"<p>Cykliczny, comiesi\u0119czny pomiar preferencji partyjnych zosta\u0142 przeprowadzony przez TNS OBOP mi\u0119dzy 5 a 8 listopada b.r. W zrealizowanym sonda\u017cu pytali\u015bmy Polak\u00f3w o gotowo\u015b\u0107 wzi\u0119cia udzia\u0142u w wyborach parlamentarnych,<\/p>\n","protected":false},"author":1,"featured_media":0,"comment_status":"closed","ping_status":"closed","sticky":false,"template":"","format":"standard","meta":{"ngg_post_thumbnail":0},"categories":[1],"tags":[],"_links":{"self":[{"href":"https:\/\/public.kantarpolska.com\/archiwumraportow\/wp-json\/wp\/v2\/posts\/4773"}],"collection":[{"href":"https:\/\/public.kantarpolska.com\/archiwumraportow\/wp-json\/wp\/v2\/posts"}],"about":[{"href":"https:\/\/public.kantarpolska.com\/archiwumraportow\/wp-json\/wp\/v2\/types\/post"}],"author":[{"embeddable":true,"href":"https:\/\/public.kantarpolska.com\/archiwumraportow\/wp-json\/wp\/v2\/users\/1"}],"replies":[{"embeddable":true,"href":"https:\/\/public.kantarpolska.com\/archiwumraportow\/wp-json\/wp\/v2\/comments?post=4773"}],"version-history":[{"count":0,"href":"https:\/\/public.kantarpolska.com\/archiwumraportow\/wp-json\/wp\/v2\/posts\/4773\/revisions"}],"wp:attachment":[{"href":"https:\/\/public.kantarpolska.com\/archiwumraportow\/wp-json\/wp\/v2\/media?parent=4773"}],"wp:term":[{"taxonomy":"category","embeddable":true,"href":"https:\/\/public.kantarpolska.com\/archiwumraportow\/wp-json\/wp\/v2\/categories?post=4773"},{"taxonomy":"post_tag","embeddable":true,"href":"https:\/\/public.kantarpolska.com\/archiwumraportow\/wp-json\/wp\/v2\/tags?post=4773"}],"curies":[{"name":"wp","href":"https:\/\/api.w.org\/{rel}","templated":true}]}}