
{"id":477,"date":"1999-11-13T00:00:00","date_gmt":"1999-11-13T00:00:00","guid":{"rendered":"https:\/\/www.tnsglobal.pl\/archiwumraportow\/1999\/11\/13\/poparcie-dla-partii-politycznych-w-polowie-grudnia-1999\/"},"modified":"1999-11-13T00:00:00","modified_gmt":"1999-11-13T00:00:00","slug":"poparcie-dla-partii-politycznych-w-polowie-grudnia-1999","status":"publish","type":"post","link":"https:\/\/public.kantarpolska.com\/archiwumraportow\/1999\/11\/13\/poparcie-dla-partii-politycznych-w-polowie-grudnia-1999\/","title":{"rendered":"Poparcie dla partii politycznych w po\u0142owie grudnia 1999"},"content":{"rendered":"<p>Opracowanie zawiera zestawienie wynik\u00f3w uzyskanych w sonda\u017cu przeprowadzonym mi\u0119dzy 11 a 13 grudnia br. Realizacja badania rozpocz\u0119\u0142a si\u0119 w trakcie XI Krajowego Zjazdu Delegat\u00f3w NSZZ ?Solidarno\u015b\u0107?.<!--more--> W tym samym czasie odby\u0142 si\u0119 I Kongres Stowarzyszenia M\u0142odej Lewicy Polskiej. Tu\u017c przed badaniem pojawi\u0142a si\u0119 informacja o prawdopodobnym przesuni\u0119ciu daty wej\u015bcia Polski do Unii Europejskiej. Poruszenie w kr\u0119gach politycznych i w mediach wywo\u0142a\u0142a r\u00f3wnie\u017c dymisja Prezesa ZUS Les\u0142awa Gajka.<\/p>\n<div class=\"infopay\">Raport udost\u0119pniany jest bezp\u0142atnie, w us\u0142udze &#8222;udost\u0119pnij aby pobra\u0107&#8221;.<br \/>\n          <b>Na czym to polega?<\/b> Raport b\u0119dzie dost\u0119pny do pobrania w pdf po udost\u0119pnieniu wpisu z linkiem do Archiwum Raport\u00f3w TNS Polska na wybranym serwisie spo\u0142eczno\u015bciowym: Facebooku lub Twitterze.\n          <\/div>\n","protected":false},"excerpt":{"rendered":"<p>Opracowanie zawiera zestawienie wynik\u00f3w uzyskanych w sonda\u017cu przeprowadzonym mi\u0119dzy 11 a 13 grudnia br. Realizacja badania rozpocz\u0119\u0142a si\u0119 w trakcie XI Krajowego Zjazdu Delegat\u00f3w NSZZ ?Solidarno\u015b\u0107?.<\/p>\n","protected":false},"author":1,"featured_media":0,"comment_status":"closed","ping_status":"closed","sticky":false,"template":"","format":"standard","meta":{"ngg_post_thumbnail":0},"categories":[1],"tags":[],"_links":{"self":[{"href":"https:\/\/public.kantarpolska.com\/archiwumraportow\/wp-json\/wp\/v2\/posts\/477"}],"collection":[{"href":"https:\/\/public.kantarpolska.com\/archiwumraportow\/wp-json\/wp\/v2\/posts"}],"about":[{"href":"https:\/\/public.kantarpolska.com\/archiwumraportow\/wp-json\/wp\/v2\/types\/post"}],"author":[{"embeddable":true,"href":"https:\/\/public.kantarpolska.com\/archiwumraportow\/wp-json\/wp\/v2\/users\/1"}],"replies":[{"embeddable":true,"href":"https:\/\/public.kantarpolska.com\/archiwumraportow\/wp-json\/wp\/v2\/comments?post=477"}],"version-history":[{"count":0,"href":"https:\/\/public.kantarpolska.com\/archiwumraportow\/wp-json\/wp\/v2\/posts\/477\/revisions"}],"wp:attachment":[{"href":"https:\/\/public.kantarpolska.com\/archiwumraportow\/wp-json\/wp\/v2\/media?parent=477"}],"wp:term":[{"taxonomy":"category","embeddable":true,"href":"https:\/\/public.kantarpolska.com\/archiwumraportow\/wp-json\/wp\/v2\/categories?post=477"},{"taxonomy":"post_tag","embeddable":true,"href":"https:\/\/public.kantarpolska.com\/archiwumraportow\/wp-json\/wp\/v2\/tags?post=477"}],"curies":[{"name":"wp","href":"https:\/\/api.w.org\/{rel}","templated":true}]}}