
{"id":4766,"date":"2009-11-18T00:00:00","date_gmt":"2009-11-18T00:00:00","guid":{"rendered":"https:\/\/www.tnsglobal.pl\/archiwumraportow\/2009\/11\/18\/dwa-rzady-dwie-oceny\/"},"modified":"2009-11-18T00:00:00","modified_gmt":"2009-11-18T00:00:00","slug":"dwa-rzady-dwie-oceny","status":"publish","type":"post","link":"https:\/\/public.kantarpolska.com\/archiwumraportow\/2009\/11\/18\/dwa-rzady-dwie-oceny\/","title":{"rendered":"Dwa rz\u0105dy &#8211; dwie oceny"},"content":{"rendered":"<p>Na pocz\u0105tku listopada 2009 r., po dw\u00f3ch latach rz\u0105d\u00f3w Platformy Obywatelskiej, przej\u0119tych od Prawa i Sprawiedliwo\u015bci w wyniku przedterminowych wybor\u00f3w z pa\u017adziernika 2007 r., TNS OBOP zbada\u0142,<!--more--> jak Polacy oceniaj\u0105 Polsk\u0119 pod rz\u0105dami PO w por\u00f3wnaniu z Polsk\u0105 pod rz\u0105dami PiS (2005-2007). Sonda\u017c ten by\u0142 powt\u00f3rzeniem sonda\u017cu z sierpnia 2007 r., w kt\u00f3rym zbadano, jak Polacy oceniaj\u0105 Polsk\u0119 pod rz\u0105dami PiS w por\u00f3wnaniu z tym, jak by\u0142o &#8222;przedtem&#8221;. Jego przypomnienie dostarcza po\u017c\u0105danego t\u0142a dla wynik\u00f3w tegorocznego sonda\u017cu.<\/p>\n<div class=\"infopay\">Raport udost\u0119pniany jest bezp\u0142atnie, w us\u0142udze &#8222;udost\u0119pnij aby pobra\u0107&#8221;.<br \/>\n          <b>Na czym to polega?<\/b> Raport b\u0119dzie dost\u0119pny do pobrania w pdf po udost\u0119pnieniu wpisu z linkiem do Archiwum Raport\u00f3w TNS Polska na wybranym serwisie spo\u0142eczno\u015bciowym: Facebooku lub Twitterze.\n          <\/div>\n","protected":false},"excerpt":{"rendered":"<p>Na pocz\u0105tku listopada 2009 r., po dw\u00f3ch latach rz\u0105d\u00f3w Platformy Obywatelskiej, przej\u0119tych od Prawa i Sprawiedliwo\u015bci w wyniku przedterminowych wybor\u00f3w z pa\u017adziernika 2007 r., TNS OBOP zbada\u0142,<\/p>\n","protected":false},"author":1,"featured_media":0,"comment_status":"closed","ping_status":"closed","sticky":false,"template":"","format":"standard","meta":{"ngg_post_thumbnail":0},"categories":[1],"tags":[],"_links":{"self":[{"href":"https:\/\/public.kantarpolska.com\/archiwumraportow\/wp-json\/wp\/v2\/posts\/4766"}],"collection":[{"href":"https:\/\/public.kantarpolska.com\/archiwumraportow\/wp-json\/wp\/v2\/posts"}],"about":[{"href":"https:\/\/public.kantarpolska.com\/archiwumraportow\/wp-json\/wp\/v2\/types\/post"}],"author":[{"embeddable":true,"href":"https:\/\/public.kantarpolska.com\/archiwumraportow\/wp-json\/wp\/v2\/users\/1"}],"replies":[{"embeddable":true,"href":"https:\/\/public.kantarpolska.com\/archiwumraportow\/wp-json\/wp\/v2\/comments?post=4766"}],"version-history":[{"count":0,"href":"https:\/\/public.kantarpolska.com\/archiwumraportow\/wp-json\/wp\/v2\/posts\/4766\/revisions"}],"wp:attachment":[{"href":"https:\/\/public.kantarpolska.com\/archiwumraportow\/wp-json\/wp\/v2\/media?parent=4766"}],"wp:term":[{"taxonomy":"category","embeddable":true,"href":"https:\/\/public.kantarpolska.com\/archiwumraportow\/wp-json\/wp\/v2\/categories?post=4766"},{"taxonomy":"post_tag","embeddable":true,"href":"https:\/\/public.kantarpolska.com\/archiwumraportow\/wp-json\/wp\/v2\/tags?post=4766"}],"curies":[{"name":"wp","href":"https:\/\/api.w.org\/{rel}","templated":true}]}}