
{"id":4751,"date":"2009-08-27T00:00:00","date_gmt":"2009-08-27T00:00:00","guid":{"rendered":"https:\/\/www.tnsglobal.pl\/archiwumraportow\/2009\/08\/27\/dzielo-o-solidarnosci-po-latach\/"},"modified":"2009-08-27T00:00:00","modified_gmt":"2009-08-27T00:00:00","slug":"dzielo-o-solidarnosci-po-latach","status":"publish","type":"post","link":"https:\/\/public.kantarpolska.com\/archiwumraportow\/2009\/08\/27\/dzielo-o-solidarnosci-po-latach\/","title":{"rendered":"Dzie\u0142o o Solidarno\u015bci po latach"},"content":{"rendered":"<p>&#8222;Sierpie\u0144 jest miesi\u0105cem, w kt\u00f3rym jak ka\u017cdego roku b\u0119dzie si\u0119 du\u017co m\u00f3wi\u0107 o strajkach 1980 roku i o Solidarno\u015bci&#8221; &#8211; tak zaczyna\u0142o si\u0119 pierwsze pytanie w przeprowadzonym<!--more--> na pocz\u0105tku sierpnia (6-9 VIII 2009) sonda\u017cu TNS OBOP po\u015bwi\u0119conym ocenie znaczenia tamtych wydarze\u0144 dla PolskI. Wyj\u0105tkowo\u015b\u0107 &#8222;Solidarno\u015bci&#8221; polega\u0142a na tym, \u017ce podj\u0119\u0142a ona trzy wielkie zadania na raz. Jako ruch zwi\u0105zkowy podj\u0119\u0142a walk\u0119 o prawa socjalne i popraw\u0119 po\u0142o\u017cenia ludzi pracy, jako ruch polityczny &#8211; walk\u0119 o demokracj\u0119, a jako ruch narodowy podj\u0119\u0142a problemy to\u017csamo\u015bci narodowej i niepodleg\u0142o\u015bci. W sonda\u017cu pytano o to, czy Solidarno\u015bci uda\u0142o si\u0119 w ka\u017cdej z tych trzech dziedzin. Najpierw zapytano o og\u00f3ln\u0105 ocen\u0119 Solidarno\u015bci. rnPytania tego sonda\u017cu zadano ju\u017c w 2005 r., przed obchodami 25-lecia Solidarno\u015bci. Dzi\u0119ki temu mo\u017cemy zobaczy\u0107, czy i jak oceny zmieni\u0142y si\u0119 od tego czasu.<\/p>\n<div class=\"infopay\">Raport udost\u0119pniany jest bezp\u0142atnie, w us\u0142udze &#8222;udost\u0119pnij aby pobra\u0107&#8221;.<br \/>\n          <b>Na czym to polega?<\/b> Raport b\u0119dzie dost\u0119pny do pobrania w pdf po udost\u0119pnieniu wpisu z linkiem do Archiwum Raport\u00f3w TNS Polska na wybranym serwisie spo\u0142eczno\u015bciowym: Facebooku lub Twitterze.\n          <\/div>\n","protected":false},"excerpt":{"rendered":"<p>&#8222;Sierpie\u0144 jest miesi\u0105cem, w kt\u00f3rym jak ka\u017cdego roku b\u0119dzie si\u0119 du\u017co m\u00f3wi\u0107 o strajkach 1980 roku i o Solidarno\u015bci&#8221; &#8211; tak zaczyna\u0142o si\u0119 pierwsze pytanie w przeprowadzonym<\/p>\n","protected":false},"author":1,"featured_media":0,"comment_status":"closed","ping_status":"closed","sticky":false,"template":"","format":"standard","meta":{"ngg_post_thumbnail":0},"categories":[1],"tags":[],"_links":{"self":[{"href":"https:\/\/public.kantarpolska.com\/archiwumraportow\/wp-json\/wp\/v2\/posts\/4751"}],"collection":[{"href":"https:\/\/public.kantarpolska.com\/archiwumraportow\/wp-json\/wp\/v2\/posts"}],"about":[{"href":"https:\/\/public.kantarpolska.com\/archiwumraportow\/wp-json\/wp\/v2\/types\/post"}],"author":[{"embeddable":true,"href":"https:\/\/public.kantarpolska.com\/archiwumraportow\/wp-json\/wp\/v2\/users\/1"}],"replies":[{"embeddable":true,"href":"https:\/\/public.kantarpolska.com\/archiwumraportow\/wp-json\/wp\/v2\/comments?post=4751"}],"version-history":[{"count":0,"href":"https:\/\/public.kantarpolska.com\/archiwumraportow\/wp-json\/wp\/v2\/posts\/4751\/revisions"}],"wp:attachment":[{"href":"https:\/\/public.kantarpolska.com\/archiwumraportow\/wp-json\/wp\/v2\/media?parent=4751"}],"wp:term":[{"taxonomy":"category","embeddable":true,"href":"https:\/\/public.kantarpolska.com\/archiwumraportow\/wp-json\/wp\/v2\/categories?post=4751"},{"taxonomy":"post_tag","embeddable":true,"href":"https:\/\/public.kantarpolska.com\/archiwumraportow\/wp-json\/wp\/v2\/tags?post=4751"}],"curies":[{"name":"wp","href":"https:\/\/api.w.org\/{rel}","templated":true}]}}