
{"id":4750,"date":"2009-08-26T00:00:00","date_gmt":"2009-08-26T00:00:00","guid":{"rendered":"https:\/\/www.tnsglobal.pl\/archiwumraportow\/2009\/08\/26\/ocena-dzialalnosci-rzadu-premiera-i-prezydenta-w-sierpniu-2009-roku\/"},"modified":"2009-08-26T00:00:00","modified_gmt":"2009-08-26T00:00:00","slug":"ocena-dzialalnosci-rzadu-premiera-i-prezydenta-w-sierpniu-2009-roku","status":"publish","type":"post","link":"https:\/\/public.kantarpolska.com\/archiwumraportow\/2009\/08\/26\/ocena-dzialalnosci-rzadu-premiera-i-prezydenta-w-sierpniu-2009-roku\/","title":{"rendered":"Ocena dzia\u0142alno\u015bci rz\u0105du, premiera i prezydenta w sierpniu 2009 roku"},"content":{"rendered":"<p>W sierpniu 2009 r. TNS OBOP przeprowadzi\u0142 cykliczny sonda\u017c dotycz\u0105cy oceny dzia\u0142alno\u015b\u0107 rz\u0105du, premiera i prezydenta. W poni\u017cszym opracowaniu przedstawione s\u0105 ich najnowsze notowania w\u015br\u00f3d Polak\u00f3w, a<!--more--> wyniki zosta\u0142y zestawione z rezultatami analogicznych pomiar\u00f3w od marca 2008 roku.<\/p>\n<div class=\"infopay\">Raport udost\u0119pniany jest bezp\u0142atnie, w us\u0142udze &#8222;udost\u0119pnij aby pobra\u0107&#8221;.<br \/>\n          <b>Na czym to polega?<\/b> Raport b\u0119dzie dost\u0119pny do pobrania w pdf po udost\u0119pnieniu wpisu z linkiem do Archiwum Raport\u00f3w TNS Polska na wybranym serwisie spo\u0142eczno\u015bciowym: Facebooku lub Twitterze.\n          <\/div>\n","protected":false},"excerpt":{"rendered":"<p>W sierpniu 2009 r. TNS OBOP przeprowadzi\u0142 cykliczny sonda\u017c dotycz\u0105cy oceny dzia\u0142alno\u015b\u0107 rz\u0105du, premiera i prezydenta. W poni\u017cszym opracowaniu przedstawione s\u0105 ich najnowsze notowania w\u015br\u00f3d Polak\u00f3w, a<\/p>\n","protected":false},"author":1,"featured_media":0,"comment_status":"closed","ping_status":"closed","sticky":false,"template":"","format":"standard","meta":{"ngg_post_thumbnail":0},"categories":[1],"tags":[],"_links":{"self":[{"href":"https:\/\/public.kantarpolska.com\/archiwumraportow\/wp-json\/wp\/v2\/posts\/4750"}],"collection":[{"href":"https:\/\/public.kantarpolska.com\/archiwumraportow\/wp-json\/wp\/v2\/posts"}],"about":[{"href":"https:\/\/public.kantarpolska.com\/archiwumraportow\/wp-json\/wp\/v2\/types\/post"}],"author":[{"embeddable":true,"href":"https:\/\/public.kantarpolska.com\/archiwumraportow\/wp-json\/wp\/v2\/users\/1"}],"replies":[{"embeddable":true,"href":"https:\/\/public.kantarpolska.com\/archiwumraportow\/wp-json\/wp\/v2\/comments?post=4750"}],"version-history":[{"count":0,"href":"https:\/\/public.kantarpolska.com\/archiwumraportow\/wp-json\/wp\/v2\/posts\/4750\/revisions"}],"wp:attachment":[{"href":"https:\/\/public.kantarpolska.com\/archiwumraportow\/wp-json\/wp\/v2\/media?parent=4750"}],"wp:term":[{"taxonomy":"category","embeddable":true,"href":"https:\/\/public.kantarpolska.com\/archiwumraportow\/wp-json\/wp\/v2\/categories?post=4750"},{"taxonomy":"post_tag","embeddable":true,"href":"https:\/\/public.kantarpolska.com\/archiwumraportow\/wp-json\/wp\/v2\/tags?post=4750"}],"curies":[{"name":"wp","href":"https:\/\/api.w.org\/{rel}","templated":true}]}}