
{"id":4749,"date":"2009-07-20T00:00:00","date_gmt":"2009-07-20T00:00:00","guid":{"rendered":"https:\/\/www.tnsglobal.pl\/archiwumraportow\/2009\/07\/20\/koniec-obowiazkowej-sluzby-wojskowej\/"},"modified":"2009-07-20T00:00:00","modified_gmt":"2009-07-20T00:00:00","slug":"koniec-obowiazkowej-sluzby-wojskowej","status":"publish","type":"post","link":"https:\/\/public.kantarpolska.com\/archiwumraportow\/2009\/07\/20\/koniec-obowiazkowej-sluzby-wojskowej\/","title":{"rendered":"Koniec obowi\u0105zkowej s\u0142u\u017cby wojskowej"},"content":{"rendered":"<p>Kilka miesi\u0119cy temu do rezerwy przeszli ostatni \u017co\u0142nierze z poboru &#8211; Polska znios\u0142a obowi\u0105zkow\u0105 s\u0142u\u017cb\u0119 wojskow\u0105 i posiada tylko armi\u0119 zawodow\u0105. W reporta\u017cach prasowych i telewizyjnych zwracano<!--more--> uwag\u0119 na kolorowe chusty &#8222;rezerwy&#8221;, najzupe\u0142niej wyj\u0105tkowo natomiast zauwa\u017cano, \u017ce wraz z odej\u015bciem do rezerwy ostatnich \u017co\u0142nierzy z poboru dobieg\u0142a ko\u0144ca wa\u017cna instytucja w historii spo\u0142ecznej Polski. Przez armie pa\u0144stw zaborczych, potem wojsko Polski Odrodzonej, potem PRL i III Rzeczypospolitej przesz\u0142o sto kilkadziesi\u0105t rocznik\u00f3w m\u0142odych Polak\u00f3w &#8211; pob\u00f3r i s\u0142u\u017cba wojskowa by\u0142y dla nich wa\u017cnym, cho\u0107 z rocznika na rocznik coraz mniej wa\u017cnym do\u015bwiadczeniem  \u017cyciowym. Z pewno\u015bci\u0105 historycy napisz\u0105 kiedy\u015b syntez\u0119 tych do\u015bwiadcze\u0144. Raport TNS OBOP, przeprowadzony w dn. 2-5 lipca 2009 r.  pokazuje tylko, co dzisiaj Polacy my\u015bl\u0105 o obowi\u0105zkowej s\u0142u\u017cbie wojskowej.<\/p>\n<div class=\"infopay\">Raport udost\u0119pniany jest bezp\u0142atnie, w us\u0142udze &#8222;udost\u0119pnij aby pobra\u0107&#8221;.<br \/>\n          <b>Na czym to polega?<\/b> Raport b\u0119dzie dost\u0119pny do pobrania w pdf po udost\u0119pnieniu wpisu z linkiem do Archiwum Raport\u00f3w TNS Polska na wybranym serwisie spo\u0142eczno\u015bciowym: Facebooku lub Twitterze.\n          <\/div>\n","protected":false},"excerpt":{"rendered":"<p>Kilka miesi\u0119cy temu do rezerwy przeszli ostatni \u017co\u0142nierze z poboru &#8211; Polska znios\u0142a obowi\u0105zkow\u0105 s\u0142u\u017cb\u0119 wojskow\u0105 i posiada tylko armi\u0119 zawodow\u0105. W reporta\u017cach prasowych i telewizyjnych zwracano<\/p>\n","protected":false},"author":1,"featured_media":0,"comment_status":"closed","ping_status":"closed","sticky":false,"template":"","format":"standard","meta":{"ngg_post_thumbnail":0},"categories":[1],"tags":[],"_links":{"self":[{"href":"https:\/\/public.kantarpolska.com\/archiwumraportow\/wp-json\/wp\/v2\/posts\/4749"}],"collection":[{"href":"https:\/\/public.kantarpolska.com\/archiwumraportow\/wp-json\/wp\/v2\/posts"}],"about":[{"href":"https:\/\/public.kantarpolska.com\/archiwumraportow\/wp-json\/wp\/v2\/types\/post"}],"author":[{"embeddable":true,"href":"https:\/\/public.kantarpolska.com\/archiwumraportow\/wp-json\/wp\/v2\/users\/1"}],"replies":[{"embeddable":true,"href":"https:\/\/public.kantarpolska.com\/archiwumraportow\/wp-json\/wp\/v2\/comments?post=4749"}],"version-history":[{"count":0,"href":"https:\/\/public.kantarpolska.com\/archiwumraportow\/wp-json\/wp\/v2\/posts\/4749\/revisions"}],"wp:attachment":[{"href":"https:\/\/public.kantarpolska.com\/archiwumraportow\/wp-json\/wp\/v2\/media?parent=4749"}],"wp:term":[{"taxonomy":"category","embeddable":true,"href":"https:\/\/public.kantarpolska.com\/archiwumraportow\/wp-json\/wp\/v2\/categories?post=4749"},{"taxonomy":"post_tag","embeddable":true,"href":"https:\/\/public.kantarpolska.com\/archiwumraportow\/wp-json\/wp\/v2\/tags?post=4749"}],"curies":[{"name":"wp","href":"https:\/\/api.w.org\/{rel}","templated":true}]}}