
{"id":4748,"date":"2009-07-21T00:00:00","date_gmt":"2009-07-21T00:00:00","guid":{"rendered":"https:\/\/www.tnsglobal.pl\/archiwumraportow\/2009\/07\/21\/ocena-dzialalnosci-rzadu-premiera-i-prezydenta-w-lipcu-2009-roku\/"},"modified":"2009-07-21T00:00:00","modified_gmt":"2009-07-21T00:00:00","slug":"ocena-dzialalnosci-rzadu-premiera-i-prezydenta-w-lipcu-2009-roku","status":"publish","type":"post","link":"https:\/\/public.kantarpolska.com\/archiwumraportow\/2009\/07\/21\/ocena-dzialalnosci-rzadu-premiera-i-prezydenta-w-lipcu-2009-roku\/","title":{"rendered":"Ocena dzia\u0142alno\u015bci rz\u0105du, premiera i prezydenta w lipcu 2009 roku"},"content":{"rendered":"<p>Jak co miesi\u0105c, w lipcu br. TNS OBOP zapyta\u0142 Polak\u00f3w, jak oceniaj\u0105 dzia\u0142alno\u015b\u0107 rz\u0105du, premiera Donalda Tuska i prezydenta Lecha Kaczy\u0144skiego. Opinie spo\u0142eczne na temat funkcjonowania trzech instytucji w\u0142adzy<!--more--> zosta\u0142y przedstawione w poni\u017cszym raporcie, a wyniki pomiaru pozytywnych i negatywnych ocen premiera, rz\u0105du oraz prezydenta zestawione z ich poprzednimi notowaniami.<\/p>\n<div class=\"infopay\">Raport udost\u0119pniany jest bezp\u0142atnie, w us\u0142udze &#8222;udost\u0119pnij aby pobra\u0107&#8221;.<br \/>\n          <b>Na czym to polega?<\/b> Raport b\u0119dzie dost\u0119pny do pobrania w pdf po udost\u0119pnieniu wpisu z linkiem do Archiwum Raport\u00f3w TNS Polska na wybranym serwisie spo\u0142eczno\u015bciowym: Facebooku lub Twitterze.\n          <\/div>\n","protected":false},"excerpt":{"rendered":"<p>Jak co miesi\u0105c, w lipcu br. TNS OBOP zapyta\u0142 Polak\u00f3w, jak oceniaj\u0105 dzia\u0142alno\u015b\u0107 rz\u0105du, premiera Donalda Tuska i prezydenta Lecha Kaczy\u0144skiego. Opinie spo\u0142eczne na temat funkcjonowania trzech instytucji w\u0142adzy<\/p>\n","protected":false},"author":1,"featured_media":0,"comment_status":"closed","ping_status":"closed","sticky":false,"template":"","format":"standard","meta":{"ngg_post_thumbnail":0},"categories":[1],"tags":[],"_links":{"self":[{"href":"https:\/\/public.kantarpolska.com\/archiwumraportow\/wp-json\/wp\/v2\/posts\/4748"}],"collection":[{"href":"https:\/\/public.kantarpolska.com\/archiwumraportow\/wp-json\/wp\/v2\/posts"}],"about":[{"href":"https:\/\/public.kantarpolska.com\/archiwumraportow\/wp-json\/wp\/v2\/types\/post"}],"author":[{"embeddable":true,"href":"https:\/\/public.kantarpolska.com\/archiwumraportow\/wp-json\/wp\/v2\/users\/1"}],"replies":[{"embeddable":true,"href":"https:\/\/public.kantarpolska.com\/archiwumraportow\/wp-json\/wp\/v2\/comments?post=4748"}],"version-history":[{"count":0,"href":"https:\/\/public.kantarpolska.com\/archiwumraportow\/wp-json\/wp\/v2\/posts\/4748\/revisions"}],"wp:attachment":[{"href":"https:\/\/public.kantarpolska.com\/archiwumraportow\/wp-json\/wp\/v2\/media?parent=4748"}],"wp:term":[{"taxonomy":"category","embeddable":true,"href":"https:\/\/public.kantarpolska.com\/archiwumraportow\/wp-json\/wp\/v2\/categories?post=4748"},{"taxonomy":"post_tag","embeddable":true,"href":"https:\/\/public.kantarpolska.com\/archiwumraportow\/wp-json\/wp\/v2\/tags?post=4748"}],"curies":[{"name":"wp","href":"https:\/\/api.w.org\/{rel}","templated":true}]}}