
{"id":4747,"date":"2009-07-24T00:00:00","date_gmt":"2009-07-24T00:00:00","guid":{"rendered":"https:\/\/www.tnsglobal.pl\/archiwumraportow\/2009\/07\/24\/z-jakimi-ludzmi-na-wyspe-bezludna\/"},"modified":"2009-07-24T00:00:00","modified_gmt":"2009-07-24T00:00:00","slug":"z-jakimi-ludzmi-na-wyspe-bezludna","status":"publish","type":"post","link":"https:\/\/public.kantarpolska.com\/archiwumraportow\/2009\/07\/24\/z-jakimi-ludzmi-na-wyspe-bezludna\/","title":{"rendered":"Z jakimi lud\u017ami na wysp\u0119 bezludn\u0105?"},"content":{"rendered":"<p>Lato to czas wyjazd\u00f3w &#8211; jedni je\u017cd\u017c\u0105 na dzia\u0142ki, a inni w dalekie \u015bwiata strony. Nikt nie je\u017adzi na wyspy bezludne, ani nawet nie wyrzucaj\u0105<!--more--> go tam fale, wraz z resztkami jego \u017caglowca. Pobyt na bezludnej wyspie jest jednak figur\u0105 naszej wyobra\u017ani. W sonda\u017cu TNS OBOP z 2-5.07.2009 r. figur\u0119 t\u0119 wykorzystano do zbadania sympatii i niech\u0119ci Polak\u00f3w do ludzi innych narod\u00f3w i do polityk\u00f3w.<\/p>\n<div class=\"infopay\">Raport udost\u0119pniany jest bezp\u0142atnie, w us\u0142udze &#8222;udost\u0119pnij aby pobra\u0107&#8221;.<br \/>\n          <b>Na czym to polega?<\/b> Raport b\u0119dzie dost\u0119pny do pobrania w pdf po udost\u0119pnieniu wpisu z linkiem do Archiwum Raport\u00f3w TNS Polska na wybranym serwisie spo\u0142eczno\u015bciowym: Facebooku lub Twitterze.\n          <\/div>\n","protected":false},"excerpt":{"rendered":"<p>Lato to czas wyjazd\u00f3w &#8211; jedni je\u017cd\u017c\u0105 na dzia\u0142ki, a inni w dalekie \u015bwiata strony. Nikt nie je\u017adzi na wyspy bezludne, ani nawet nie wyrzucaj\u0105<\/p>\n","protected":false},"author":1,"featured_media":0,"comment_status":"closed","ping_status":"closed","sticky":false,"template":"","format":"standard","meta":{"ngg_post_thumbnail":0},"categories":[1],"tags":[],"_links":{"self":[{"href":"https:\/\/public.kantarpolska.com\/archiwumraportow\/wp-json\/wp\/v2\/posts\/4747"}],"collection":[{"href":"https:\/\/public.kantarpolska.com\/archiwumraportow\/wp-json\/wp\/v2\/posts"}],"about":[{"href":"https:\/\/public.kantarpolska.com\/archiwumraportow\/wp-json\/wp\/v2\/types\/post"}],"author":[{"embeddable":true,"href":"https:\/\/public.kantarpolska.com\/archiwumraportow\/wp-json\/wp\/v2\/users\/1"}],"replies":[{"embeddable":true,"href":"https:\/\/public.kantarpolska.com\/archiwumraportow\/wp-json\/wp\/v2\/comments?post=4747"}],"version-history":[{"count":1,"href":"https:\/\/public.kantarpolska.com\/archiwumraportow\/wp-json\/wp\/v2\/posts\/4747\/revisions"}],"predecessor-version":[{"id":5739,"href":"https:\/\/public.kantarpolska.com\/archiwumraportow\/wp-json\/wp\/v2\/posts\/4747\/revisions\/5739"}],"wp:attachment":[{"href":"https:\/\/public.kantarpolska.com\/archiwumraportow\/wp-json\/wp\/v2\/media?parent=4747"}],"wp:term":[{"taxonomy":"category","embeddable":true,"href":"https:\/\/public.kantarpolska.com\/archiwumraportow\/wp-json\/wp\/v2\/categories?post=4747"},{"taxonomy":"post_tag","embeddable":true,"href":"https:\/\/public.kantarpolska.com\/archiwumraportow\/wp-json\/wp\/v2\/tags?post=4747"}],"curies":[{"name":"wp","href":"https:\/\/api.w.org\/{rel}","templated":true}]}}