
{"id":4746,"date":"2009-07-13T00:00:00","date_gmt":"2009-07-13T00:00:00","guid":{"rendered":"https:\/\/www.tnsglobal.pl\/archiwumraportow\/2009\/07\/13\/przyjecie-wspolnej-waluty-euro-w-opinii-polakow-w-kwietniu-2009-r-2\/"},"modified":"2009-07-13T00:00:00","modified_gmt":"2009-07-13T00:00:00","slug":"przyjecie-wspolnej-waluty-euro-w-opinii-polakow-w-kwietniu-2009-r-2","status":"publish","type":"post","link":"https:\/\/public.kantarpolska.com\/archiwumraportow\/2009\/07\/13\/przyjecie-wspolnej-waluty-euro-w-opinii-polakow-w-kwietniu-2009-r-2\/","title":{"rendered":"Przyj\u0119cie wsp\u00f3lnej waluty euro w opinii Polak\u00f3w w kwietniu 2009 r."},"content":{"rendered":"<p>TNS OBOP bada cyklicznie stosunek polskiego spo\u0142ecze\u0144stwa do wprowadzenia wsp\u00f3lnej waluty europejskiej. W czerwcu br. zapytano Polak\u00f3w, jak oceniaj\u0105 przyj\u0119cie euro oraz jakie widz\u0105 nast\u0119pstwa wej\u015bcia<!--more--> do strefy euro dla swoich gospodarstw domowych, polskiej gospodarki i to\u017csamo\u015bci narodowej, zbadano r\u00f3wnie\u017c preferowany termin wprowadzenia euro.  Komunikat przedstawia wyniki uzyskane w czerwcu 2009 oraz zestawia je z rezultatami uzyskanymi w kwietniu i lutym br.<\/p>\n<div class=\"infopay\">Raport udost\u0119pniany jest bezp\u0142atnie, w us\u0142udze &#8222;udost\u0119pnij aby pobra\u0107&#8221;.<br \/>\n          <b>Na czym to polega?<\/b> Raport b\u0119dzie dost\u0119pny do pobrania w pdf po udost\u0119pnieniu wpisu z linkiem do Archiwum Raport\u00f3w TNS Polska na wybranym serwisie spo\u0142eczno\u015bciowym: Facebooku lub Twitterze.\n          <\/div>\n","protected":false},"excerpt":{"rendered":"<p>TNS OBOP bada cyklicznie stosunek polskiego spo\u0142ecze\u0144stwa do wprowadzenia wsp\u00f3lnej waluty europejskiej. W czerwcu br. zapytano Polak\u00f3w, jak oceniaj\u0105 przyj\u0119cie euro oraz jakie widz\u0105 nast\u0119pstwa wej\u015bcia<\/p>\n","protected":false},"author":1,"featured_media":0,"comment_status":"closed","ping_status":"closed","sticky":false,"template":"","format":"standard","meta":{"ngg_post_thumbnail":0},"categories":[1],"tags":[],"_links":{"self":[{"href":"https:\/\/public.kantarpolska.com\/archiwumraportow\/wp-json\/wp\/v2\/posts\/4746"}],"collection":[{"href":"https:\/\/public.kantarpolska.com\/archiwumraportow\/wp-json\/wp\/v2\/posts"}],"about":[{"href":"https:\/\/public.kantarpolska.com\/archiwumraportow\/wp-json\/wp\/v2\/types\/post"}],"author":[{"embeddable":true,"href":"https:\/\/public.kantarpolska.com\/archiwumraportow\/wp-json\/wp\/v2\/users\/1"}],"replies":[{"embeddable":true,"href":"https:\/\/public.kantarpolska.com\/archiwumraportow\/wp-json\/wp\/v2\/comments?post=4746"}],"version-history":[{"count":0,"href":"https:\/\/public.kantarpolska.com\/archiwumraportow\/wp-json\/wp\/v2\/posts\/4746\/revisions"}],"wp:attachment":[{"href":"https:\/\/public.kantarpolska.com\/archiwumraportow\/wp-json\/wp\/v2\/media?parent=4746"}],"wp:term":[{"taxonomy":"category","embeddable":true,"href":"https:\/\/public.kantarpolska.com\/archiwumraportow\/wp-json\/wp\/v2\/categories?post=4746"},{"taxonomy":"post_tag","embeddable":true,"href":"https:\/\/public.kantarpolska.com\/archiwumraportow\/wp-json\/wp\/v2\/tags?post=4746"}],"curies":[{"name":"wp","href":"https:\/\/api.w.org\/{rel}","templated":true}]}}