
{"id":4745,"date":"2009-07-10T00:00:00","date_gmt":"2009-07-10T00:00:00","guid":{"rendered":"https:\/\/www.tnsglobal.pl\/archiwumraportow\/2009\/07\/10\/problemy-budzetowe\/"},"modified":"2009-07-10T00:00:00","modified_gmt":"2009-07-10T00:00:00","slug":"problemy-budzetowe","status":"publish","type":"post","link":"https:\/\/public.kantarpolska.com\/archiwumraportow\/2009\/07\/10\/problemy-budzetowe\/","title":{"rendered":"Problemy bud\u017cetowe"},"content":{"rendered":"<p>Stan finans\u00f3w pa\u0144stwa w ka\u017cdym kraju jest problemem nie tylko ekonomicznym, ale i politycznym. Tak jest i w Polsce. Niedawno w Sejmie g\u0142osowano z\u0142o\u017cony przez opozycje wniosek o odwo\u0142anie<!--more--> ministra finans\u00f3w. Premier ju\u017c zapowiedzia\u0142 mo\u017cliwo\u015b\u0107 podniesienia podatk\u00f3w, Unia Europejska \u017c\u0105da od Polski obni\u017cenia deficytu finans\u00f3w publicznych, rz\u0105d w\u0142a\u015bnie znowelizowa\u0142 ustaw\u0119 bud\u017cetow\u0105 na ten rok i czeka go przygotowanie bud\u017cetu na rok 2010. W ca\u0142ej tej sferze panuje du\u017ca niejasno\u015b\u0107 co do przysz\u0142ych decyzji i zmian. Na pocz\u0105tku lipca (2-5.07.2009) TNS OBOP w og\u00f3lnopolskim sonda\u017cu zbada\u0142, co Polacy s\u0105dz\u0105 o tej sytuacji.Raport zawiera wyniki tego badania.<\/p>\n<div class=\"infopay\">Raport udost\u0119pniany jest bezp\u0142atnie, w us\u0142udze &#8222;udost\u0119pnij aby pobra\u0107&#8221;.<br \/>\n          <b>Na czym to polega?<\/b> Raport b\u0119dzie dost\u0119pny do pobrania w pdf po udost\u0119pnieniu wpisu z linkiem do Archiwum Raport\u00f3w TNS Polska na wybranym serwisie spo\u0142eczno\u015bciowym: Facebooku lub Twitterze.\n          <\/div>\n","protected":false},"excerpt":{"rendered":"<p>Stan finans\u00f3w pa\u0144stwa w ka\u017cdym kraju jest problemem nie tylko ekonomicznym, ale i politycznym. Tak jest i w Polsce. Niedawno w Sejmie g\u0142osowano z\u0142o\u017cony przez opozycje wniosek o odwo\u0142anie<\/p>\n","protected":false},"author":1,"featured_media":0,"comment_status":"closed","ping_status":"closed","sticky":false,"template":"","format":"standard","meta":{"ngg_post_thumbnail":0},"categories":[1],"tags":[],"_links":{"self":[{"href":"https:\/\/public.kantarpolska.com\/archiwumraportow\/wp-json\/wp\/v2\/posts\/4745"}],"collection":[{"href":"https:\/\/public.kantarpolska.com\/archiwumraportow\/wp-json\/wp\/v2\/posts"}],"about":[{"href":"https:\/\/public.kantarpolska.com\/archiwumraportow\/wp-json\/wp\/v2\/types\/post"}],"author":[{"embeddable":true,"href":"https:\/\/public.kantarpolska.com\/archiwumraportow\/wp-json\/wp\/v2\/users\/1"}],"replies":[{"embeddable":true,"href":"https:\/\/public.kantarpolska.com\/archiwumraportow\/wp-json\/wp\/v2\/comments?post=4745"}],"version-history":[{"count":0,"href":"https:\/\/public.kantarpolska.com\/archiwumraportow\/wp-json\/wp\/v2\/posts\/4745\/revisions"}],"wp:attachment":[{"href":"https:\/\/public.kantarpolska.com\/archiwumraportow\/wp-json\/wp\/v2\/media?parent=4745"}],"wp:term":[{"taxonomy":"category","embeddable":true,"href":"https:\/\/public.kantarpolska.com\/archiwumraportow\/wp-json\/wp\/v2\/categories?post=4745"},{"taxonomy":"post_tag","embeddable":true,"href":"https:\/\/public.kantarpolska.com\/archiwumraportow\/wp-json\/wp\/v2\/tags?post=4745"}],"curies":[{"name":"wp","href":"https:\/\/api.w.org\/{rel}","templated":true}]}}