
{"id":4736,"date":"2009-05-18T00:00:00","date_gmt":"2009-05-18T00:00:00","guid":{"rendered":"https:\/\/www.tnsglobal.pl\/archiwumraportow\/2009\/05\/18\/ocena-dzialalnosci-rzadu-premiera-i-prezydenta-w-maju-2009-roku\/"},"modified":"2009-05-18T00:00:00","modified_gmt":"2009-05-18T00:00:00","slug":"ocena-dzialalnosci-rzadu-premiera-i-prezydenta-w-maju-2009-roku","status":"publish","type":"post","link":"https:\/\/public.kantarpolska.com\/archiwumraportow\/2009\/05\/18\/ocena-dzialalnosci-rzadu-premiera-i-prezydenta-w-maju-2009-roku\/","title":{"rendered":"Ocena dzia\u0142alno\u015bci rz\u0105du, premiera i prezydenta w maju 2009 roku"},"content":{"rendered":"<p>W maju, jak co miesi\u0105c TNS OBOP poprosi\u0142 Polak\u00f3w o ocen\u0119 pracy premiera Donalda Tuska, jego rz\u0105du oraz prezydenta Lecha Kaczy\u0144skiego. W niniejszym opracowaniu przedstawiono wyniki pomiaru pozytywnych<!--more--> i negatywnych ocen trzech instytucji w\u0142adzy oraz zestawiono je z notowaniami z poprzednich miesi\u0119cy.<\/p>\n<div class=\"infopay\">Raport udost\u0119pniany jest bezp\u0142atnie, w us\u0142udze &#8222;udost\u0119pnij aby pobra\u0107&#8221;.<br \/>\n          <b>Na czym to polega?<\/b> Raport b\u0119dzie dost\u0119pny do pobrania w pdf po udost\u0119pnieniu wpisu z linkiem do Archiwum Raport\u00f3w TNS Polska na wybranym serwisie spo\u0142eczno\u015bciowym: Facebooku lub Twitterze.\n          <\/div>\n","protected":false},"excerpt":{"rendered":"<p>W maju, jak co miesi\u0105c TNS OBOP poprosi\u0142 Polak\u00f3w o ocen\u0119 pracy premiera Donalda Tuska, jego rz\u0105du oraz prezydenta Lecha Kaczy\u0144skiego. W niniejszym opracowaniu przedstawiono wyniki pomiaru pozytywnych<\/p>\n","protected":false},"author":1,"featured_media":0,"comment_status":"closed","ping_status":"closed","sticky":false,"template":"","format":"standard","meta":{"ngg_post_thumbnail":0},"categories":[1],"tags":[],"_links":{"self":[{"href":"https:\/\/public.kantarpolska.com\/archiwumraportow\/wp-json\/wp\/v2\/posts\/4736"}],"collection":[{"href":"https:\/\/public.kantarpolska.com\/archiwumraportow\/wp-json\/wp\/v2\/posts"}],"about":[{"href":"https:\/\/public.kantarpolska.com\/archiwumraportow\/wp-json\/wp\/v2\/types\/post"}],"author":[{"embeddable":true,"href":"https:\/\/public.kantarpolska.com\/archiwumraportow\/wp-json\/wp\/v2\/users\/1"}],"replies":[{"embeddable":true,"href":"https:\/\/public.kantarpolska.com\/archiwumraportow\/wp-json\/wp\/v2\/comments?post=4736"}],"version-history":[{"count":0,"href":"https:\/\/public.kantarpolska.com\/archiwumraportow\/wp-json\/wp\/v2\/posts\/4736\/revisions"}],"wp:attachment":[{"href":"https:\/\/public.kantarpolska.com\/archiwumraportow\/wp-json\/wp\/v2\/media?parent=4736"}],"wp:term":[{"taxonomy":"category","embeddable":true,"href":"https:\/\/public.kantarpolska.com\/archiwumraportow\/wp-json\/wp\/v2\/categories?post=4736"},{"taxonomy":"post_tag","embeddable":true,"href":"https:\/\/public.kantarpolska.com\/archiwumraportow\/wp-json\/wp\/v2\/tags?post=4736"}],"curies":[{"name":"wp","href":"https:\/\/api.w.org\/{rel}","templated":true}]}}