
{"id":4735,"date":"2009-05-15T00:00:00","date_gmt":"2009-05-15T00:00:00","guid":{"rendered":"https:\/\/www.tnsglobal.pl\/archiwumraportow\/2009\/05\/15\/preferencje-polakow-w-wyborach-do-parlamentu-europejskiego-w-maju-2009-r\/"},"modified":"2009-05-15T00:00:00","modified_gmt":"2009-05-15T00:00:00","slug":"preferencje-polakow-w-wyborach-do-parlamentu-europejskiego-w-maju-2009-r","status":"publish","type":"post","link":"https:\/\/public.kantarpolska.com\/archiwumraportow\/2009\/05\/15\/preferencje-polakow-w-wyborach-do-parlamentu-europejskiego-w-maju-2009-r\/","title":{"rendered":"Preferencje Polak\u00f3w w wyborach do Parlamentu Europejskiego w maju 2009 r."},"content":{"rendered":"<p>W maju 2009 r.  , w zwi\u0105zku ze zbli\u017caj\u0105cymi si\u0119 wyborami do Parlamentu Europejskiego, TNS OBOP zbada\u0142 preferencje wyborcze Polak\u00f3w. Przedstawione w raporcie wyniki poparcia dla poszczeg\u00f3lnych komitet\u00f3w<!--more--> wyborczych okre\u015blone zosta\u0142y na podstawie odpowiedzi respondent\u00f3w deklaruj\u0105cych ch\u0119\u0107 wzi\u0119cia udzia\u0142u w czerwcowych wyborach do Parlamentu Europejskiego i posiadaj\u0105cych sprecyzowane preferencje wyborcze. Wyniki por\u00f3wnane zosta\u0142y z wynikami poprzedniego pomiaru z kwietnia 2009 r.<\/p>\n<div class=\"infopay\">Raport udost\u0119pniany jest bezp\u0142atnie, w us\u0142udze &#8222;udost\u0119pnij aby pobra\u0107&#8221;.<br \/>\n          <b>Na czym to polega?<\/b> Raport b\u0119dzie dost\u0119pny do pobrania w pdf po udost\u0119pnieniu wpisu z linkiem do Archiwum Raport\u00f3w TNS Polska na wybranym serwisie spo\u0142eczno\u015bciowym: Facebooku lub Twitterze.\n          <\/div>\n","protected":false},"excerpt":{"rendered":"<p>W maju 2009 r. , w zwi\u0105zku ze zbli\u017caj\u0105cymi si\u0119 wyborami do Parlamentu Europejskiego, TNS OBOP zbada\u0142 preferencje wyborcze Polak\u00f3w. Przedstawione w raporcie wyniki poparcia dla poszczeg\u00f3lnych komitet\u00f3w<\/p>\n","protected":false},"author":1,"featured_media":0,"comment_status":"closed","ping_status":"closed","sticky":false,"template":"","format":"standard","meta":{"ngg_post_thumbnail":0},"categories":[1],"tags":[],"_links":{"self":[{"href":"https:\/\/public.kantarpolska.com\/archiwumraportow\/wp-json\/wp\/v2\/posts\/4735"}],"collection":[{"href":"https:\/\/public.kantarpolska.com\/archiwumraportow\/wp-json\/wp\/v2\/posts"}],"about":[{"href":"https:\/\/public.kantarpolska.com\/archiwumraportow\/wp-json\/wp\/v2\/types\/post"}],"author":[{"embeddable":true,"href":"https:\/\/public.kantarpolska.com\/archiwumraportow\/wp-json\/wp\/v2\/users\/1"}],"replies":[{"embeddable":true,"href":"https:\/\/public.kantarpolska.com\/archiwumraportow\/wp-json\/wp\/v2\/comments?post=4735"}],"version-history":[{"count":0,"href":"https:\/\/public.kantarpolska.com\/archiwumraportow\/wp-json\/wp\/v2\/posts\/4735\/revisions"}],"wp:attachment":[{"href":"https:\/\/public.kantarpolska.com\/archiwumraportow\/wp-json\/wp\/v2\/media?parent=4735"}],"wp:term":[{"taxonomy":"category","embeddable":true,"href":"https:\/\/public.kantarpolska.com\/archiwumraportow\/wp-json\/wp\/v2\/categories?post=4735"},{"taxonomy":"post_tag","embeddable":true,"href":"https:\/\/public.kantarpolska.com\/archiwumraportow\/wp-json\/wp\/v2\/tags?post=4735"}],"curies":[{"name":"wp","href":"https:\/\/api.w.org\/{rel}","templated":true}]}}