
{"id":4733,"date":"2009-04-20T00:00:00","date_gmt":"2009-04-20T00:00:00","guid":{"rendered":"https:\/\/www.tnsglobal.pl\/archiwumraportow\/2009\/04\/20\/preferencje-polakow-w-wyborach-do-parlamentu-europejskiego-w-kwietniu-2009-r\/"},"modified":"2009-04-20T00:00:00","modified_gmt":"2009-04-20T00:00:00","slug":"preferencje-polakow-w-wyborach-do-parlamentu-europejskiego-w-kwietniu-2009-r","status":"publish","type":"post","link":"https:\/\/public.kantarpolska.com\/archiwumraportow\/2009\/04\/20\/preferencje-polakow-w-wyborach-do-parlamentu-europejskiego-w-kwietniu-2009-r\/","title":{"rendered":"Preferencje Polak\u00f3w w wyborach do Parlamentu Europejskiego w kwietniu 2009 r."},"content":{"rendered":"<p>Na pocz\u0105tku kwietnia 2009 r.  w zwi\u0105zku ze zbli\u017caj\u0105cymi si\u0119 wyborami do Parlamentu Europejskiego TNS OBOP zapyta\u0142 Polak\u00f3w, czy zamierzaj\u0105 wzi\u0105\u0107 w nich udzia\u0142,<!--more--> a je\u017celi tak, to na kt\u00f3ry komitet wyborczy oddadz\u0105 sw\u00f3j g\u0142os. Przedstawione w raporcie wyniki poparcia dla poszczeg\u00f3lnych partii i koalicji wyborczych obliczone zosta\u0142y na podstawie odpowiedzi respondent\u00f3w deklaruj\u0105cych ch\u0119\u0107 wzi\u0119cia udzia\u0142u w czerwcowych wyborach do Parlamentu Europejskiego i posiadaj\u0105cych sprecyzowane preferencje wyborcze. W badaniu uwzgl\u0119dnione zosta\u0142y komitety wyborcze zg\u0142oszone w Pa\u0144stwowej Komisji Wyborczej do 31 marca 2009 roku.<\/p>\n<div class=\"infopay\">Raport udost\u0119pniany jest bezp\u0142atnie, w us\u0142udze &#8222;udost\u0119pnij aby pobra\u0107&#8221;.<br \/>\n          <b>Na czym to polega?<\/b> Raport b\u0119dzie dost\u0119pny do pobrania w pdf po udost\u0119pnieniu wpisu z linkiem do Archiwum Raport\u00f3w TNS Polska na wybranym serwisie spo\u0142eczno\u015bciowym: Facebooku lub Twitterze.\n          <\/div>\n","protected":false},"excerpt":{"rendered":"<p>Na pocz\u0105tku kwietnia 2009 r. w zwi\u0105zku ze zbli\u017caj\u0105cymi si\u0119 wyborami do Parlamentu Europejskiego TNS OBOP zapyta\u0142 Polak\u00f3w, czy zamierzaj\u0105 wzi\u0105\u0107 w nich udzia\u0142,<\/p>\n","protected":false},"author":1,"featured_media":0,"comment_status":"closed","ping_status":"closed","sticky":false,"template":"","format":"standard","meta":{"ngg_post_thumbnail":0},"categories":[1],"tags":[],"_links":{"self":[{"href":"https:\/\/public.kantarpolska.com\/archiwumraportow\/wp-json\/wp\/v2\/posts\/4733"}],"collection":[{"href":"https:\/\/public.kantarpolska.com\/archiwumraportow\/wp-json\/wp\/v2\/posts"}],"about":[{"href":"https:\/\/public.kantarpolska.com\/archiwumraportow\/wp-json\/wp\/v2\/types\/post"}],"author":[{"embeddable":true,"href":"https:\/\/public.kantarpolska.com\/archiwumraportow\/wp-json\/wp\/v2\/users\/1"}],"replies":[{"embeddable":true,"href":"https:\/\/public.kantarpolska.com\/archiwumraportow\/wp-json\/wp\/v2\/comments?post=4733"}],"version-history":[{"count":0,"href":"https:\/\/public.kantarpolska.com\/archiwumraportow\/wp-json\/wp\/v2\/posts\/4733\/revisions"}],"wp:attachment":[{"href":"https:\/\/public.kantarpolska.com\/archiwumraportow\/wp-json\/wp\/v2\/media?parent=4733"}],"wp:term":[{"taxonomy":"category","embeddable":true,"href":"https:\/\/public.kantarpolska.com\/archiwumraportow\/wp-json\/wp\/v2\/categories?post=4733"},{"taxonomy":"post_tag","embeddable":true,"href":"https:\/\/public.kantarpolska.com\/archiwumraportow\/wp-json\/wp\/v2\/tags?post=4733"}],"curies":[{"name":"wp","href":"https:\/\/api.w.org\/{rel}","templated":true}]}}