
{"id":4729,"date":"2009-04-21T00:00:00","date_gmt":"2009-04-21T00:00:00","guid":{"rendered":"https:\/\/www.tnsglobal.pl\/archiwumraportow\/2009\/04\/21\/kto-jest-winien-kryzysu\/"},"modified":"2009-04-21T00:00:00","modified_gmt":"2009-04-21T00:00:00","slug":"kto-jest-winien-kryzysu","status":"publish","type":"post","link":"https:\/\/public.kantarpolska.com\/archiwumraportow\/2009\/04\/21\/kto-jest-winien-kryzysu\/","title":{"rendered":"Kto jest winien kryzysu?"},"content":{"rendered":"<p>Wydarzenia o tej skali i z\u0142o\u017cono\u015bci, jak obecny kryzys, najpierw &#8222;finansowy&#8221;, a potem &#8222;gospodarczy&#8221;, s\u0105 trudne do wyja\u015bnienia nawet dla wybitnych ekonomist\u00f3w. W przestrzeni medialnej ich wyja\u015bnienia<!--more--> mieszaj\u0105 si\u0119 ze wzajemnymi oskar\u017ceniami i usprawiedliwieniami polityk\u00f3w. Zwyk\u0142emu Polakowi, a tacy wypowiadaj\u0105 si\u0119 przez sonda\u017ce, musi wi\u0119c by\u0107 trudno zrozumie\u0107, sk\u0105d si\u0119 wzi\u0105\u0142 ten kryzys? Przeprowadzony przez TNS OBOP w dn. 2-5.04. 2009 r. reprezentatywny sonda\u017c pokazuje, jak Polacy na sw\u00f3j u\u017cytek wyja\u015bniaj\u0105 sobie kryzys. Rzecz jasna, ich wyja\u015bnienia mog\u0105 by\u0107 tylko zniekszta\u0142conym echem tego, co m\u00f3wi\u0105 media, a sonda\u017c zbada nie tyle to, do czego badani doszli, ile to, kt\u00f3re z wyja\u015bnie\u0144 najcz\u0119\u015bciej trafiaj\u0105 im do przekonania.<\/p>\n<div class=\"infopay\">Raport udost\u0119pniany jest bezp\u0142atnie, w us\u0142udze &#8222;udost\u0119pnij aby pobra\u0107&#8221;.<br \/>\n          <b>Na czym to polega?<\/b> Raport b\u0119dzie dost\u0119pny do pobrania w pdf po udost\u0119pnieniu wpisu z linkiem do Archiwum Raport\u00f3w TNS Polska na wybranym serwisie spo\u0142eczno\u015bciowym: Facebooku lub Twitterze.\n          <\/div>\n","protected":false},"excerpt":{"rendered":"<p>Wydarzenia o tej skali i z\u0142o\u017cono\u015bci, jak obecny kryzys, najpierw &#8222;finansowy&#8221;, a potem &#8222;gospodarczy&#8221;, s\u0105 trudne do wyja\u015bnienia nawet dla wybitnych ekonomist\u00f3w. W przestrzeni medialnej ich wyja\u015bnienia<\/p>\n","protected":false},"author":1,"featured_media":0,"comment_status":"closed","ping_status":"closed","sticky":false,"template":"","format":"standard","meta":{"ngg_post_thumbnail":0},"categories":[1],"tags":[],"_links":{"self":[{"href":"https:\/\/public.kantarpolska.com\/archiwumraportow\/wp-json\/wp\/v2\/posts\/4729"}],"collection":[{"href":"https:\/\/public.kantarpolska.com\/archiwumraportow\/wp-json\/wp\/v2\/posts"}],"about":[{"href":"https:\/\/public.kantarpolska.com\/archiwumraportow\/wp-json\/wp\/v2\/types\/post"}],"author":[{"embeddable":true,"href":"https:\/\/public.kantarpolska.com\/archiwumraportow\/wp-json\/wp\/v2\/users\/1"}],"replies":[{"embeddable":true,"href":"https:\/\/public.kantarpolska.com\/archiwumraportow\/wp-json\/wp\/v2\/comments?post=4729"}],"version-history":[{"count":1,"href":"https:\/\/public.kantarpolska.com\/archiwumraportow\/wp-json\/wp\/v2\/posts\/4729\/revisions"}],"predecessor-version":[{"id":5741,"href":"https:\/\/public.kantarpolska.com\/archiwumraportow\/wp-json\/wp\/v2\/posts\/4729\/revisions\/5741"}],"wp:attachment":[{"href":"https:\/\/public.kantarpolska.com\/archiwumraportow\/wp-json\/wp\/v2\/media?parent=4729"}],"wp:term":[{"taxonomy":"category","embeddable":true,"href":"https:\/\/public.kantarpolska.com\/archiwumraportow\/wp-json\/wp\/v2\/categories?post=4729"},{"taxonomy":"post_tag","embeddable":true,"href":"https:\/\/public.kantarpolska.com\/archiwumraportow\/wp-json\/wp\/v2\/tags?post=4729"}],"curies":[{"name":"wp","href":"https:\/\/api.w.org\/{rel}","templated":true}]}}