
{"id":4716,"date":"2009-03-30T00:00:00","date_gmt":"2009-03-30T00:00:00","guid":{"rendered":"https:\/\/www.tnsglobal.pl\/archiwumraportow\/2009\/03\/30\/malzenstwo-kohabitacja-prokreacja-nowe-trendy-w-opinii-polakow\/"},"modified":"2009-03-30T00:00:00","modified_gmt":"2009-03-30T00:00:00","slug":"malzenstwo-kohabitacja-prokreacja-nowe-trendy-w-opinii-polakow","status":"publish","type":"post","link":"https:\/\/public.kantarpolska.com\/archiwumraportow\/2009\/03\/30\/malzenstwo-kohabitacja-prokreacja-nowe-trendy-w-opinii-polakow\/","title":{"rendered":"Ma\u0142\u017ce\u0144stwo, kohabitacja, prokreacja &#8211; nowe trendy w opinii Polak\u00f3w"},"content":{"rendered":"<p>Wa\u017cnym aspektem zmian spo\u0142ecznych w Polsce s\u0105 przemiany demograficzne. W stosunku do okresu przed zmian\u0105 ustrojow\u0105 przesuwa si\u0119 (&#8222;op\u00f3\u017ania si\u0119&#8221;) wiek zawierania ma\u0142\u017ce\u0144stw, kobiety coraz p\u00f3\u017aniej zaczynaj\u0105<!--more--> rodzi\u0107 dzieci i rodz\u0105 ich mniej, coraz wi\u0119cej dzieci rodzi si\u0119 poza ma\u0142\u017ce\u0144stwem. Nast\u0119puj\u0105 r\u00f3wnie\u017c zmiany w obyczajowo\u015bci. Coraz wi\u0119cej m\u0142odych par mieszka ze sob\u0105 razem, nie my\u015bl\u0105c o \u015blubie albo odk\u0142adaj\u0105c \u015blub na dalsz\u0105 przysz\u0142o\u015b\u0107, a m\u0142odzi ludzie, kt\u00f3rzy postanowili si\u0119 pobra\u0107, czekaj\u0105 ze \u015blubem nawet rok i d\u0142u\u017cej,  by m\u00f3c urz\u0105dzi\u0107 wesele. Ro\u015bnie odsetek rozwod\u00f3w w stosunku do zawieranych ma\u0142\u017ce\u0144stw &#8211; ale w ostatnich dw\u00f3ch latach trend ten zatrzyma\u0142 si\u0119. Nawet ko\u015bci\u00f3\u0142 katolicki coraz \u0142atwiej &#8222;uniewa\u017cnia&#8221; ma\u0142\u017ce\u0144stwa. TNS OBOP zbada\u0142, co o tym s\u0105dz\u0105 Polacy, czy im si\u0119 to wszystko podoba, czy nie podoba. Raport zawiera wyniki sonda\u017cu na ten temat, przeprowadzonego w dniach 5-8 marca 2009 r.<\/p>\n<div class=\"infopay\">Raport udost\u0119pniany jest bezp\u0142atnie, w us\u0142udze &#8222;udost\u0119pnij aby pobra\u0107&#8221;.<br \/>\n          <b>Na czym to polega?<\/b> Raport b\u0119dzie dost\u0119pny do pobrania w pdf po udost\u0119pnieniu wpisu z linkiem do Archiwum Raport\u00f3w TNS Polska na wybranym serwisie spo\u0142eczno\u015bciowym: Facebooku lub Twitterze.\n          <\/div>\n","protected":false},"excerpt":{"rendered":"<p>Wa\u017cnym aspektem zmian spo\u0142ecznych w Polsce s\u0105 przemiany demograficzne. W stosunku do okresu przed zmian\u0105 ustrojow\u0105 przesuwa si\u0119 (&#8222;op\u00f3\u017ania si\u0119&#8221;) wiek zawierania ma\u0142\u017ce\u0144stw, kobiety coraz p\u00f3\u017aniej zaczynaj\u0105<\/p>\n","protected":false},"author":1,"featured_media":0,"comment_status":"closed","ping_status":"closed","sticky":false,"template":"","format":"standard","meta":{"ngg_post_thumbnail":0},"categories":[1],"tags":[],"_links":{"self":[{"href":"https:\/\/public.kantarpolska.com\/archiwumraportow\/wp-json\/wp\/v2\/posts\/4716"}],"collection":[{"href":"https:\/\/public.kantarpolska.com\/archiwumraportow\/wp-json\/wp\/v2\/posts"}],"about":[{"href":"https:\/\/public.kantarpolska.com\/archiwumraportow\/wp-json\/wp\/v2\/types\/post"}],"author":[{"embeddable":true,"href":"https:\/\/public.kantarpolska.com\/archiwumraportow\/wp-json\/wp\/v2\/users\/1"}],"replies":[{"embeddable":true,"href":"https:\/\/public.kantarpolska.com\/archiwumraportow\/wp-json\/wp\/v2\/comments?post=4716"}],"version-history":[{"count":1,"href":"https:\/\/public.kantarpolska.com\/archiwumraportow\/wp-json\/wp\/v2\/posts\/4716\/revisions"}],"predecessor-version":[{"id":5742,"href":"https:\/\/public.kantarpolska.com\/archiwumraportow\/wp-json\/wp\/v2\/posts\/4716\/revisions\/5742"}],"wp:attachment":[{"href":"https:\/\/public.kantarpolska.com\/archiwumraportow\/wp-json\/wp\/v2\/media?parent=4716"}],"wp:term":[{"taxonomy":"category","embeddable":true,"href":"https:\/\/public.kantarpolska.com\/archiwumraportow\/wp-json\/wp\/v2\/categories?post=4716"},{"taxonomy":"post_tag","embeddable":true,"href":"https:\/\/public.kantarpolska.com\/archiwumraportow\/wp-json\/wp\/v2\/tags?post=4716"}],"curies":[{"name":"wp","href":"https:\/\/api.w.org\/{rel}","templated":true}]}}