
{"id":4711,"date":"2009-02-16T00:00:00","date_gmt":"2009-02-16T00:00:00","guid":{"rendered":"https:\/\/www.tnsglobal.pl\/archiwumraportow\/2009\/02\/16\/nastroje-spoleczne-polakow-w-lutym-2009-r\/"},"modified":"2009-02-16T00:00:00","modified_gmt":"2009-02-16T00:00:00","slug":"nastroje-spoleczne-polakow-w-lutym-2009-r","status":"publish","type":"post","link":"https:\/\/public.kantarpolska.com\/archiwumraportow\/2009\/02\/16\/nastroje-spoleczne-polakow-w-lutym-2009-r\/","title":{"rendered":"Nastroje spo\u0142eczne Polak\u00f3w w lutym 2009 r."},"content":{"rendered":"<p>Jak wygl\u0105daj\u0105 nastroje spo\u0142eczne Polak\u00f3w? T\u0119 kwesti\u0119 TNS OBOP bada co miesi\u0105c za pomoc\u0105 sonda\u017cu, w kt\u00f3rym badani wypowiadaj\u0105 si\u0119 o kierunku biegu spraw w naszym kraju,<!--more--> sytuacji gospodarczej oraz o zmianach w sytuacji materialnej ludno\u015bci, jakich spodziewaj\u0105 si\u0119 w perspektywie najbli\u017cszych trzech lat. Najnowsze badanie zosta\u0142o przeprowadzone na pocz\u0105tku lutego 2009 r., a uzyskane wyniki zestawiono z analogicznymi pomiarami od grudnia 2007 r. i przedstawiono w poni\u017cszym komunikacie.<\/p>\n<div class=\"infopay\">Raport udost\u0119pniany jest bezp\u0142atnie, w us\u0142udze &#8222;udost\u0119pnij aby pobra\u0107&#8221;.<br \/>\n          <b>Na czym to polega?<\/b> Raport b\u0119dzie dost\u0119pny do pobrania w pdf po udost\u0119pnieniu wpisu z linkiem do Archiwum Raport\u00f3w TNS Polska na wybranym serwisie spo\u0142eczno\u015bciowym: Facebooku lub Twitterze.\n          <\/div>\n","protected":false},"excerpt":{"rendered":"<p>Jak wygl\u0105daj\u0105 nastroje spo\u0142eczne Polak\u00f3w? T\u0119 kwesti\u0119 TNS OBOP bada co miesi\u0105c za pomoc\u0105 sonda\u017cu, w kt\u00f3rym badani wypowiadaj\u0105 si\u0119 o kierunku biegu spraw w naszym kraju,<\/p>\n","protected":false},"author":1,"featured_media":0,"comment_status":"closed","ping_status":"closed","sticky":false,"template":"","format":"standard","meta":{"ngg_post_thumbnail":0},"categories":[1],"tags":[],"_links":{"self":[{"href":"https:\/\/public.kantarpolska.com\/archiwumraportow\/wp-json\/wp\/v2\/posts\/4711"}],"collection":[{"href":"https:\/\/public.kantarpolska.com\/archiwumraportow\/wp-json\/wp\/v2\/posts"}],"about":[{"href":"https:\/\/public.kantarpolska.com\/archiwumraportow\/wp-json\/wp\/v2\/types\/post"}],"author":[{"embeddable":true,"href":"https:\/\/public.kantarpolska.com\/archiwumraportow\/wp-json\/wp\/v2\/users\/1"}],"replies":[{"embeddable":true,"href":"https:\/\/public.kantarpolska.com\/archiwumraportow\/wp-json\/wp\/v2\/comments?post=4711"}],"version-history":[{"count":0,"href":"https:\/\/public.kantarpolska.com\/archiwumraportow\/wp-json\/wp\/v2\/posts\/4711\/revisions"}],"wp:attachment":[{"href":"https:\/\/public.kantarpolska.com\/archiwumraportow\/wp-json\/wp\/v2\/media?parent=4711"}],"wp:term":[{"taxonomy":"category","embeddable":true,"href":"https:\/\/public.kantarpolska.com\/archiwumraportow\/wp-json\/wp\/v2\/categories?post=4711"},{"taxonomy":"post_tag","embeddable":true,"href":"https:\/\/public.kantarpolska.com\/archiwumraportow\/wp-json\/wp\/v2\/tags?post=4711"}],"curies":[{"name":"wp","href":"https:\/\/api.w.org\/{rel}","templated":true}]}}