
{"id":4707,"date":"2009-02-03T00:00:00","date_gmt":"2009-02-03T00:00:00","guid":{"rendered":"https:\/\/www.tnsglobal.pl\/archiwumraportow\/2009\/02\/03\/jak-sie-masz-polaku\/"},"modified":"2009-02-03T00:00:00","modified_gmt":"2009-02-03T00:00:00","slug":"jak-sie-masz-polaku","status":"publish","type":"post","link":"https:\/\/public.kantarpolska.com\/archiwumraportow\/2009\/02\/03\/jak-sie-masz-polaku\/","title":{"rendered":"Jak si\u0119 masz, Polaku?"},"content":{"rendered":"<p>Sonda\u017ce opinii publicznej dotycz\u0105 zwykle kwestii publicznych, b\u0119d\u0105cych przedmiotem uwagi medi\u00f3w. Wiadomo, \u017ce ludzie w takich pytaniach buduj\u0105 swoje odpowiedzi na podstawie informacji obecnych w mediach<!--more--> lub nawet czerpi\u0105 je z przestrzeni medialnej. Sonda\u017c tu przedstawiony jest stosunkowo wolny od tego wp\u0142ywu &#8211; dotyczy\u0142 on oceny sytuacji \u017cyciowej samych badanych. Sonda\u017c zosta\u0142 przeprowadzony w dniach 8-11 stycznia 2009 r.<\/p>\n<div class=\"infopay\">Raport udost\u0119pniany jest bezp\u0142atnie, w us\u0142udze &#8222;udost\u0119pnij aby pobra\u0107&#8221;.<br \/>\n          <b>Na czym to polega?<\/b> Raport b\u0119dzie dost\u0119pny do pobrania w pdf po udost\u0119pnieniu wpisu z linkiem do Archiwum Raport\u00f3w TNS Polska na wybranym serwisie spo\u0142eczno\u015bciowym: Facebooku lub Twitterze.\n          <\/div>\n","protected":false},"excerpt":{"rendered":"<p>Sonda\u017ce opinii publicznej dotycz\u0105 zwykle kwestii publicznych, b\u0119d\u0105cych przedmiotem uwagi medi\u00f3w. Wiadomo, \u017ce ludzie w takich pytaniach buduj\u0105 swoje odpowiedzi na podstawie informacji obecnych w mediach<\/p>\n","protected":false},"author":1,"featured_media":0,"comment_status":"closed","ping_status":"closed","sticky":false,"template":"","format":"standard","meta":{"ngg_post_thumbnail":0},"categories":[1],"tags":[],"_links":{"self":[{"href":"https:\/\/public.kantarpolska.com\/archiwumraportow\/wp-json\/wp\/v2\/posts\/4707"}],"collection":[{"href":"https:\/\/public.kantarpolska.com\/archiwumraportow\/wp-json\/wp\/v2\/posts"}],"about":[{"href":"https:\/\/public.kantarpolska.com\/archiwumraportow\/wp-json\/wp\/v2\/types\/post"}],"author":[{"embeddable":true,"href":"https:\/\/public.kantarpolska.com\/archiwumraportow\/wp-json\/wp\/v2\/users\/1"}],"replies":[{"embeddable":true,"href":"https:\/\/public.kantarpolska.com\/archiwumraportow\/wp-json\/wp\/v2\/comments?post=4707"}],"version-history":[{"count":0,"href":"https:\/\/public.kantarpolska.com\/archiwumraportow\/wp-json\/wp\/v2\/posts\/4707\/revisions"}],"wp:attachment":[{"href":"https:\/\/public.kantarpolska.com\/archiwumraportow\/wp-json\/wp\/v2\/media?parent=4707"}],"wp:term":[{"taxonomy":"category","embeddable":true,"href":"https:\/\/public.kantarpolska.com\/archiwumraportow\/wp-json\/wp\/v2\/categories?post=4707"},{"taxonomy":"post_tag","embeddable":true,"href":"https:\/\/public.kantarpolska.com\/archiwumraportow\/wp-json\/wp\/v2\/tags?post=4707"}],"curies":[{"name":"wp","href":"https:\/\/api.w.org\/{rel}","templated":true}]}}