
{"id":4681,"date":"2008-10-24T00:00:00","date_gmt":"2008-10-24T00:00:00","guid":{"rendered":"https:\/\/www.tnsglobal.pl\/archiwumraportow\/2008\/10\/24\/nowe-badanie-o-nowym-swiecie\/"},"modified":"2008-10-24T00:00:00","modified_gmt":"2008-10-24T00:00:00","slug":"nowe-badanie-o-nowym-swiecie","status":"publish","type":"post","link":"https:\/\/public.kantarpolska.com\/archiwumraportow\/2008\/10\/24\/nowe-badanie-o-nowym-swiecie\/","title":{"rendered":"Nowe badanie o nowym \u015bwi\u0119cie"},"content":{"rendered":"<p>Problem ustanowienia w Polsce dodatkowego \u015bwi\u0119ta pojawia si\u0119 w Polsce co jaki\u015b czas. W maju 2007 r. prezydent Lech Kaczy\u0144ski powiedzia\u0142, \u017ce w przysz\u0142o\u015bci nale\u017cy ustanowi\u0107 przynajmniej jeszcze<!--more--> jedno \u015bwi\u0119to pa\u0144stwowe &#8211; 31 sierpnia,  rocznic\u0119 podpisania Porozumie\u0144 Gda\u0144skich lub 12 wrze\u015bnia, rocznic\u0119 powstania pierwszego rz\u0105du niekomunistycznego. Za wypowiedzi\u0105 t\u0105 nie posz\u0142a \u017cadna inicjatywa ustawodawcza, natomiast w tym roku do Sejmu wp\u0142yn\u0105\u0142 obywatelski projekt ustanowienia dniem wolnym od pracy ko\u015bcielnego \u015awi\u0119ta Trzech Kr\u00f3li. Projekt wywo\u0142a\u0142 dyskusje i spory &#8211; w mediach oraz w\u015br\u00f3d polityk\u00f3w. G\u0142osowanie nad tym projektem, popierane przez w\u0142adze Ko\u015bcio\u0142a Katolickiego, ju\u017c dwukrotnie by\u0142o odk\u0142adane. Na pocz\u0105tku pa\u017adziernika TNS OBOP zbada\u0142 opinie Polak\u00f3w zwi\u0105zane z tym projektem, tak samo jak w maju ub. roku zbada\u0142 podobne opinie po wypowiedzi Prezydenta Kaczy\u0144skiego.<\/p>\n<div class=\"infopay\">Raport udost\u0119pniany jest bezp\u0142atnie, w us\u0142udze &#8222;udost\u0119pnij aby pobra\u0107&#8221;.<br \/>\n          <b>Na czym to polega?<\/b> Raport b\u0119dzie dost\u0119pny do pobrania w pdf po udost\u0119pnieniu wpisu z linkiem do Archiwum Raport\u00f3w TNS Polska na wybranym serwisie spo\u0142eczno\u015bciowym: Facebooku lub Twitterze.\n          <\/div>\n","protected":false},"excerpt":{"rendered":"<p>Problem ustanowienia w Polsce dodatkowego \u015bwi\u0119ta pojawia si\u0119 w Polsce co jaki\u015b czas. W maju 2007 r. prezydent Lech Kaczy\u0144ski powiedzia\u0142, \u017ce w przysz\u0142o\u015bci nale\u017cy ustanowi\u0107 przynajmniej jeszcze<\/p>\n","protected":false},"author":1,"featured_media":0,"comment_status":"closed","ping_status":"closed","sticky":false,"template":"","format":"standard","meta":{"ngg_post_thumbnail":0},"categories":[1],"tags":[],"_links":{"self":[{"href":"https:\/\/public.kantarpolska.com\/archiwumraportow\/wp-json\/wp\/v2\/posts\/4681"}],"collection":[{"href":"https:\/\/public.kantarpolska.com\/archiwumraportow\/wp-json\/wp\/v2\/posts"}],"about":[{"href":"https:\/\/public.kantarpolska.com\/archiwumraportow\/wp-json\/wp\/v2\/types\/post"}],"author":[{"embeddable":true,"href":"https:\/\/public.kantarpolska.com\/archiwumraportow\/wp-json\/wp\/v2\/users\/1"}],"replies":[{"embeddable":true,"href":"https:\/\/public.kantarpolska.com\/archiwumraportow\/wp-json\/wp\/v2\/comments?post=4681"}],"version-history":[{"count":0,"href":"https:\/\/public.kantarpolska.com\/archiwumraportow\/wp-json\/wp\/v2\/posts\/4681\/revisions"}],"wp:attachment":[{"href":"https:\/\/public.kantarpolska.com\/archiwumraportow\/wp-json\/wp\/v2\/media?parent=4681"}],"wp:term":[{"taxonomy":"category","embeddable":true,"href":"https:\/\/public.kantarpolska.com\/archiwumraportow\/wp-json\/wp\/v2\/categories?post=4681"},{"taxonomy":"post_tag","embeddable":true,"href":"https:\/\/public.kantarpolska.com\/archiwumraportow\/wp-json\/wp\/v2\/tags?post=4681"}],"curies":[{"name":"wp","href":"https:\/\/api.w.org\/{rel}","templated":true}]}}