
{"id":4678,"date":"2008-10-15T00:00:00","date_gmt":"2008-10-15T00:00:00","guid":{"rendered":"https:\/\/www.tnsglobal.pl\/archiwumraportow\/2008\/10\/15\/preferencje-partyjne-polakow-w-pazdzierniku-2008-r\/"},"modified":"2008-10-15T00:00:00","modified_gmt":"2008-10-15T00:00:00","slug":"preferencje-partyjne-polakow-w-pazdzierniku-2008-r","status":"publish","type":"post","link":"https:\/\/public.kantarpolska.com\/archiwumraportow\/2008\/10\/15\/preferencje-partyjne-polakow-w-pazdzierniku-2008-r\/","title":{"rendered":"Preferencje partyjne Polak\u00f3w w pa\u017adzierniku 2008 r."},"content":{"rendered":"<p>Na pocz\u0105tku ka\u017cdego miesi\u0105ca TNS OBOP realizuje sonda\u017c dotycz\u0105cy preferencji partyjnych Polak\u00f3w, w kt\u00f3rym respondentom zadawane jest pytanie rno ch\u0119\u0107 uczestnictwa w wyborach parlamentarnych, je\u015bli odby\u0142yby si\u0119 one<!--more--> w najbli\u017csz\u0105 niedziel\u0119. Osoby wyra\u017caj\u0105ce gotowo\u015b\u0107 wzi\u0119cia udzia\u0142u w wyborach proszone s\u0105 ponadto o wskazanie ugrupowania, na kt\u00f3re odda\u0142yby sw\u00f3j g\u0142os. Przedstawione w raporcie wyniki poparcia dla poszczeg\u00f3lnych partii politycznych obliczone zosta\u0142y na podstawie odpowiedzi os\u00f3b, kt\u00f3re deklarowa\u0142y ch\u0119\u0107 wzi\u0119cia udzia\u0142u w wyborach i wiedzia\u0142y na kogo odda\u0142yby sw\u00f3j g\u0142os. Wyniki te pochodz\u0105 z badania przeprowadzonego na pocz\u0105tku pa\u017adziernika.<\/p>\n<div class=\"infopay\">Raport udost\u0119pniany jest bezp\u0142atnie, w us\u0142udze &#8222;udost\u0119pnij aby pobra\u0107&#8221;.<br \/>\n          <b>Na czym to polega?<\/b> Raport b\u0119dzie dost\u0119pny do pobrania w pdf po udost\u0119pnieniu wpisu z linkiem do Archiwum Raport\u00f3w TNS Polska na wybranym serwisie spo\u0142eczno\u015bciowym: Facebooku lub Twitterze.\n          <\/div>\n","protected":false},"excerpt":{"rendered":"<p>Na pocz\u0105tku ka\u017cdego miesi\u0105ca TNS OBOP realizuje sonda\u017c dotycz\u0105cy preferencji partyjnych Polak\u00f3w, w kt\u00f3rym respondentom zadawane jest pytanie rno ch\u0119\u0107 uczestnictwa w wyborach parlamentarnych, je\u015bli odby\u0142yby si\u0119 one<\/p>\n","protected":false},"author":1,"featured_media":0,"comment_status":"closed","ping_status":"closed","sticky":false,"template":"","format":"standard","meta":{"ngg_post_thumbnail":0},"categories":[1],"tags":[],"_links":{"self":[{"href":"https:\/\/public.kantarpolska.com\/archiwumraportow\/wp-json\/wp\/v2\/posts\/4678"}],"collection":[{"href":"https:\/\/public.kantarpolska.com\/archiwumraportow\/wp-json\/wp\/v2\/posts"}],"about":[{"href":"https:\/\/public.kantarpolska.com\/archiwumraportow\/wp-json\/wp\/v2\/types\/post"}],"author":[{"embeddable":true,"href":"https:\/\/public.kantarpolska.com\/archiwumraportow\/wp-json\/wp\/v2\/users\/1"}],"replies":[{"embeddable":true,"href":"https:\/\/public.kantarpolska.com\/archiwumraportow\/wp-json\/wp\/v2\/comments?post=4678"}],"version-history":[{"count":0,"href":"https:\/\/public.kantarpolska.com\/archiwumraportow\/wp-json\/wp\/v2\/posts\/4678\/revisions"}],"wp:attachment":[{"href":"https:\/\/public.kantarpolska.com\/archiwumraportow\/wp-json\/wp\/v2\/media?parent=4678"}],"wp:term":[{"taxonomy":"category","embeddable":true,"href":"https:\/\/public.kantarpolska.com\/archiwumraportow\/wp-json\/wp\/v2\/categories?post=4678"},{"taxonomy":"post_tag","embeddable":true,"href":"https:\/\/public.kantarpolska.com\/archiwumraportow\/wp-json\/wp\/v2\/tags?post=4678"}],"curies":[{"name":"wp","href":"https:\/\/api.w.org\/{rel}","templated":true}]}}