
{"id":4677,"date":"2008-09-23T00:00:00","date_gmt":"2008-09-23T00:00:00","guid":{"rendered":"https:\/\/www.tnsglobal.pl\/archiwumraportow\/2008\/09\/23\/opinie-o-czlonkostwie-polski-w-unii-europejskiej-w-pierwszej-polowie-wrzesnia-2008-roku\/"},"modified":"2008-09-23T00:00:00","modified_gmt":"2008-09-23T00:00:00","slug":"opinie-o-czlonkostwie-polski-w-unii-europejskiej-w-pierwszej-polowie-wrzesnia-2008-roku","status":"publish","type":"post","link":"https:\/\/public.kantarpolska.com\/archiwumraportow\/2008\/09\/23\/opinie-o-czlonkostwie-polski-w-unii-europejskiej-w-pierwszej-polowie-wrzesnia-2008-roku\/","title":{"rendered":"Opinie o cz\u0142onkostwie Polski w Unii Europejskiej w pierwszej po\u0142owie wrze\u015bnia 2008 roku"},"content":{"rendered":"<p>We wrze\u015bniu 2008 roku TNS OBOP przeprowadzi\u0142 comiesi\u0119czne badanie na temat  cz\u0142onkostwa Polski w Unii Europejskiej. Respondenci og\u00f3lnie oceniali polskie cz\u0142onkostwo w UE oraz wypowiadali<!--more--> si\u0119 w sprawie zmian we w\u0142asnym \u017cyciu osobistym, sytuacji w kraju oraz jego mi\u0119dzynarodowej pozycji wraz z wej\u015bciem Polski do UE. Niniejszy komunikat prezentuje wyniki najnowszego sonda\u017cu oraz, w celach por\u00f3wnawczych, dane z ostatnich 12 miesi\u0119cy.<\/p>\n<div class=\"infopay\">Raport udost\u0119pniany jest bezp\u0142atnie, w us\u0142udze &#8222;udost\u0119pnij aby pobra\u0107&#8221;.<br \/>\n          <b>Na czym to polega?<\/b> Raport b\u0119dzie dost\u0119pny do pobrania w pdf po udost\u0119pnieniu wpisu z linkiem do Archiwum Raport\u00f3w TNS Polska na wybranym serwisie spo\u0142eczno\u015bciowym: Facebooku lub Twitterze.\n          <\/div>\n","protected":false},"excerpt":{"rendered":"<p>We wrze\u015bniu 2008 roku TNS OBOP przeprowadzi\u0142 comiesi\u0119czne badanie na temat cz\u0142onkostwa Polski w Unii Europejskiej. Respondenci og\u00f3lnie oceniali polskie cz\u0142onkostwo w UE oraz wypowiadali<\/p>\n","protected":false},"author":1,"featured_media":0,"comment_status":"closed","ping_status":"closed","sticky":false,"template":"","format":"standard","meta":{"ngg_post_thumbnail":0},"categories":[1],"tags":[],"_links":{"self":[{"href":"https:\/\/public.kantarpolska.com\/archiwumraportow\/wp-json\/wp\/v2\/posts\/4677"}],"collection":[{"href":"https:\/\/public.kantarpolska.com\/archiwumraportow\/wp-json\/wp\/v2\/posts"}],"about":[{"href":"https:\/\/public.kantarpolska.com\/archiwumraportow\/wp-json\/wp\/v2\/types\/post"}],"author":[{"embeddable":true,"href":"https:\/\/public.kantarpolska.com\/archiwumraportow\/wp-json\/wp\/v2\/users\/1"}],"replies":[{"embeddable":true,"href":"https:\/\/public.kantarpolska.com\/archiwumraportow\/wp-json\/wp\/v2\/comments?post=4677"}],"version-history":[{"count":0,"href":"https:\/\/public.kantarpolska.com\/archiwumraportow\/wp-json\/wp\/v2\/posts\/4677\/revisions"}],"wp:attachment":[{"href":"https:\/\/public.kantarpolska.com\/archiwumraportow\/wp-json\/wp\/v2\/media?parent=4677"}],"wp:term":[{"taxonomy":"category","embeddable":true,"href":"https:\/\/public.kantarpolska.com\/archiwumraportow\/wp-json\/wp\/v2\/categories?post=4677"},{"taxonomy":"post_tag","embeddable":true,"href":"https:\/\/public.kantarpolska.com\/archiwumraportow\/wp-json\/wp\/v2\/tags?post=4677"}],"curies":[{"name":"wp","href":"https:\/\/api.w.org\/{rel}","templated":true}]}}