
{"id":4676,"date":"2008-09-22T00:00:00","date_gmt":"2008-09-22T00:00:00","guid":{"rendered":"https:\/\/www.tnsglobal.pl\/archiwumraportow\/2008\/09\/22\/preferencje-partyjne-polakow-we-wrzesniu-2008-r\/"},"modified":"2008-09-22T00:00:00","modified_gmt":"2008-09-22T00:00:00","slug":"preferencje-partyjne-polakow-we-wrzesniu-2008-r","status":"publish","type":"post","link":"https:\/\/public.kantarpolska.com\/archiwumraportow\/2008\/09\/22\/preferencje-partyjne-polakow-we-wrzesniu-2008-r\/","title":{"rendered":"Preferencje partyjne Polak\u00f3w we wrze\u015bniu 2008 r."},"content":{"rendered":"<p>Jak co miesi\u0105c, na pocz\u0105tku wrze\u015bnia 2008 roku TNS OBOP przeprowadzi\u0142 sonda\u017c dotycz\u0105cy preferencji partyjnych Polak\u00f3w. Losowej, reprezentatywnej grupie doros\u0142ych Polak\u00f3w zadali\u015bmy pytanie o ch\u0119\u0107 uczestnictwa w wyborach parlamentarnych,<!--more--> je\u015bli odby\u0142yby si\u0119 one w najbli\u017csz\u0105 niedziel\u0119. Osoby wyra\u017caj\u0105ce gotowo\u015b\u0107 wzi\u0119cia udzia\u0142u w wyborach poprosili\u015bmy o wskazanie ugrupowania, na kt\u00f3re odda\u0142yby sw\u00f3j g\u0142os. Otrzymane wyniki poparcia dla partii politycznych zosta\u0142y przeliczone z uwzgl\u0119dnieniem os\u00f3b maj\u0105cych sprecyzowane preferencje partyjne; informacja o liczbie os\u00f3b, kt\u00f3re deklarowa\u0142y zamiar g\u0142osowania w hipotetycznych wyborach, ale nie mia\u0142y sprecyzowanego zdania jak g\u0142osowa\u0107, podana zosta\u0142a osobno.<\/p>\n<div class=\"infopay\">Raport udost\u0119pniany jest bezp\u0142atnie, w us\u0142udze &#8222;udost\u0119pnij aby pobra\u0107&#8221;.<br \/>\n          <b>Na czym to polega?<\/b> Raport b\u0119dzie dost\u0119pny do pobrania w pdf po udost\u0119pnieniu wpisu z linkiem do Archiwum Raport\u00f3w TNS Polska na wybranym serwisie spo\u0142eczno\u015bciowym: Facebooku lub Twitterze.\n          <\/div>\n","protected":false},"excerpt":{"rendered":"<p>Jak co miesi\u0105c, na pocz\u0105tku wrze\u015bnia 2008 roku TNS OBOP przeprowadzi\u0142 sonda\u017c dotycz\u0105cy preferencji partyjnych Polak\u00f3w. Losowej, reprezentatywnej grupie doros\u0142ych Polak\u00f3w zadali\u015bmy pytanie o ch\u0119\u0107 uczestnictwa w wyborach parlamentarnych,<\/p>\n","protected":false},"author":1,"featured_media":0,"comment_status":"closed","ping_status":"closed","sticky":false,"template":"","format":"standard","meta":{"ngg_post_thumbnail":0},"categories":[1],"tags":[],"_links":{"self":[{"href":"https:\/\/public.kantarpolska.com\/archiwumraportow\/wp-json\/wp\/v2\/posts\/4676"}],"collection":[{"href":"https:\/\/public.kantarpolska.com\/archiwumraportow\/wp-json\/wp\/v2\/posts"}],"about":[{"href":"https:\/\/public.kantarpolska.com\/archiwumraportow\/wp-json\/wp\/v2\/types\/post"}],"author":[{"embeddable":true,"href":"https:\/\/public.kantarpolska.com\/archiwumraportow\/wp-json\/wp\/v2\/users\/1"}],"replies":[{"embeddable":true,"href":"https:\/\/public.kantarpolska.com\/archiwumraportow\/wp-json\/wp\/v2\/comments?post=4676"}],"version-history":[{"count":0,"href":"https:\/\/public.kantarpolska.com\/archiwumraportow\/wp-json\/wp\/v2\/posts\/4676\/revisions"}],"wp:attachment":[{"href":"https:\/\/public.kantarpolska.com\/archiwumraportow\/wp-json\/wp\/v2\/media?parent=4676"}],"wp:term":[{"taxonomy":"category","embeddable":true,"href":"https:\/\/public.kantarpolska.com\/archiwumraportow\/wp-json\/wp\/v2\/categories?post=4676"},{"taxonomy":"post_tag","embeddable":true,"href":"https:\/\/public.kantarpolska.com\/archiwumraportow\/wp-json\/wp\/v2\/tags?post=4676"}],"curies":[{"name":"wp","href":"https:\/\/api.w.org\/{rel}","templated":true}]}}