
{"id":4663,"date":"2008-08-04T00:00:00","date_gmt":"2008-08-04T00:00:00","guid":{"rendered":"https:\/\/www.tnsglobal.pl\/archiwumraportow\/2008\/08\/04\/polacy-o-uchodzcach-2\/"},"modified":"2008-08-04T00:00:00","modified_gmt":"2008-08-04T00:00:00","slug":"polacy-o-uchodzcach-2","status":"publish","type":"post","link":"https:\/\/public.kantarpolska.com\/archiwumraportow\/2008\/08\/04\/polacy-o-uchodzcach-2\/","title":{"rendered":"Polacy o uchod\u017acach"},"content":{"rendered":"<p>Od 20 do 22 czerwca br. obchodzono w Polsce Dzie\u0144 Uchod\u017acy. Dwa tygodnie p\u00f3\u017aniej TNS OBOP przeprowadzi\u0142 na zlecenie Wysokiego Komisarza ONZ do spraw Uchod\u017ac\u00f3w sonda\u017c opinii<!--more--> Polak\u00f3w na temat percepcji uchod\u017ac\u00f3w. Respondent\u00f3w zapytano czy s\u0142yszeli o obchodach Dnia Uchod\u017acy, kim jest wed\u0142ug nich uchod\u017aca i jak pa\u0144stwo polskie powinno takie osoby traktowa\u0107. Ponadto polskie spo\u0142ecze\u0144stwo wypowiedzia\u0142o si\u0119 na temat tego, jakie dostrzega korzy\u015bci i problemy zwi\u0105zane z przybywaniem uchod\u017ac\u00f3w do naszego kraju i czy zetkn\u0119\u0142o si\u0119 kiedykolwiek z osob\u0105 b\u0119d\u0105c\u0105 uchod\u017ac\u0105. Wyniki por\u00f3wnano z danymi z sonda\u017cy z poprzednich lat, co pozwala \u015bledzi\u0107 dynamik\u0119 zachodz\u0105cych zmian.<\/p>\n<div class=\"infopay\">Raport udost\u0119pniany jest bezp\u0142atnie, w us\u0142udze &#8222;udost\u0119pnij aby pobra\u0107&#8221;.<br \/>\n          <b>Na czym to polega?<\/b> Raport b\u0119dzie dost\u0119pny do pobrania w pdf po udost\u0119pnieniu wpisu z linkiem do Archiwum Raport\u00f3w TNS Polska na wybranym serwisie spo\u0142eczno\u015bciowym: Facebooku lub Twitterze.\n          <\/div>\n","protected":false},"excerpt":{"rendered":"<p>Od 20 do 22 czerwca br. obchodzono w Polsce Dzie\u0144 Uchod\u017acy. Dwa tygodnie p\u00f3\u017aniej TNS OBOP przeprowadzi\u0142 na zlecenie Wysokiego Komisarza ONZ do spraw Uchod\u017ac\u00f3w sonda\u017c opinii<\/p>\n","protected":false},"author":1,"featured_media":0,"comment_status":"closed","ping_status":"closed","sticky":false,"template":"","format":"standard","meta":{"ngg_post_thumbnail":0},"categories":[1],"tags":[],"_links":{"self":[{"href":"https:\/\/public.kantarpolska.com\/archiwumraportow\/wp-json\/wp\/v2\/posts\/4663"}],"collection":[{"href":"https:\/\/public.kantarpolska.com\/archiwumraportow\/wp-json\/wp\/v2\/posts"}],"about":[{"href":"https:\/\/public.kantarpolska.com\/archiwumraportow\/wp-json\/wp\/v2\/types\/post"}],"author":[{"embeddable":true,"href":"https:\/\/public.kantarpolska.com\/archiwumraportow\/wp-json\/wp\/v2\/users\/1"}],"replies":[{"embeddable":true,"href":"https:\/\/public.kantarpolska.com\/archiwumraportow\/wp-json\/wp\/v2\/comments?post=4663"}],"version-history":[{"count":0,"href":"https:\/\/public.kantarpolska.com\/archiwumraportow\/wp-json\/wp\/v2\/posts\/4663\/revisions"}],"wp:attachment":[{"href":"https:\/\/public.kantarpolska.com\/archiwumraportow\/wp-json\/wp\/v2\/media?parent=4663"}],"wp:term":[{"taxonomy":"category","embeddable":true,"href":"https:\/\/public.kantarpolska.com\/archiwumraportow\/wp-json\/wp\/v2\/categories?post=4663"},{"taxonomy":"post_tag","embeddable":true,"href":"https:\/\/public.kantarpolska.com\/archiwumraportow\/wp-json\/wp\/v2\/tags?post=4663"}],"curies":[{"name":"wp","href":"https:\/\/api.w.org\/{rel}","templated":true}]}}