
{"id":466,"date":"1999-10-18T00:00:00","date_gmt":"1999-10-18T00:00:00","guid":{"rendered":"https:\/\/www.tnsglobal.pl\/archiwumraportow\/1999\/10\/18\/swieto-niepodleglosci-i-inne-swieta-panstwowe-w-swiadomosci-spolecznej\/"},"modified":"1999-10-18T00:00:00","modified_gmt":"1999-10-18T00:00:00","slug":"swieto-niepodleglosci-i-inne-swieta-panstwowe-w-swiadomosci-spolecznej","status":"publish","type":"post","link":"https:\/\/public.kantarpolska.com\/archiwumraportow\/1999\/10\/18\/swieto-niepodleglosci-i-inne-swieta-panstwowe-w-swiadomosci-spolecznej\/","title":{"rendered":"\u015awi\u0119to Niepodleg\u0142o\u015bci i inne \u015bwi\u0119ta pa\u0144stwowe w \u015bwiadomo\u015bci spo\u0142ecznej"},"content":{"rendered":"<p>Jakie s\u0105 w Polsce \u015bwi\u0119ta narodowe i kt\u00f3re z nich jest najwa\u017cniejsze? Co Polacy wiedz\u0105 o 11 listopada &#8211; dlaczego ten dzie\u0144 jest obchodzony jako \u015bwi\u0119to, kt\u00f3r\u0105 rocznic\u0119 odzyskania<!--more--> niepodleg\u0142o\u015bci uczcimy w tym roku, kto najbardziej zas\u0142u\u017cy\u0142 si\u0119 dla powstania w 1918 r. pa\u0144stwa polskiego? Kilka tygodni przed \u015bwi\u0119tem odzyskania niepodleg\u0142o\u015bci OBOP zada\u0142 te pytania w og\u00f3lnopolskim sonda\u017cu, a jego wyniki zawiera niniejszy komunikat.<\/p>\n<div class=\"infopay\">Raport udost\u0119pniany jest bezp\u0142atnie, w us\u0142udze &#8222;udost\u0119pnij aby pobra\u0107&#8221;.<br \/>\n          <b>Na czym to polega?<\/b> Raport b\u0119dzie dost\u0119pny do pobrania w pdf po udost\u0119pnieniu wpisu z linkiem do Archiwum Raport\u00f3w TNS Polska na wybranym serwisie spo\u0142eczno\u015bciowym: Facebooku lub Twitterze.\n          <\/div>\n","protected":false},"excerpt":{"rendered":"<p>Jakie s\u0105 w Polsce \u015bwi\u0119ta narodowe i kt\u00f3re z nich jest najwa\u017cniejsze? Co Polacy wiedz\u0105 o 11 listopada &#8211; dlaczego ten dzie\u0144 jest obchodzony jako \u015bwi\u0119to, kt\u00f3r\u0105 rocznic\u0119 odzyskania<\/p>\n","protected":false},"author":1,"featured_media":0,"comment_status":"closed","ping_status":"closed","sticky":false,"template":"","format":"standard","meta":{"ngg_post_thumbnail":0},"categories":[1],"tags":[],"_links":{"self":[{"href":"https:\/\/public.kantarpolska.com\/archiwumraportow\/wp-json\/wp\/v2\/posts\/466"}],"collection":[{"href":"https:\/\/public.kantarpolska.com\/archiwumraportow\/wp-json\/wp\/v2\/posts"}],"about":[{"href":"https:\/\/public.kantarpolska.com\/archiwumraportow\/wp-json\/wp\/v2\/types\/post"}],"author":[{"embeddable":true,"href":"https:\/\/public.kantarpolska.com\/archiwumraportow\/wp-json\/wp\/v2\/users\/1"}],"replies":[{"embeddable":true,"href":"https:\/\/public.kantarpolska.com\/archiwumraportow\/wp-json\/wp\/v2\/comments?post=466"}],"version-history":[{"count":1,"href":"https:\/\/public.kantarpolska.com\/archiwumraportow\/wp-json\/wp\/v2\/posts\/466\/revisions"}],"predecessor-version":[{"id":6597,"href":"https:\/\/public.kantarpolska.com\/archiwumraportow\/wp-json\/wp\/v2\/posts\/466\/revisions\/6597"}],"wp:attachment":[{"href":"https:\/\/public.kantarpolska.com\/archiwumraportow\/wp-json\/wp\/v2\/media?parent=466"}],"wp:term":[{"taxonomy":"category","embeddable":true,"href":"https:\/\/public.kantarpolska.com\/archiwumraportow\/wp-json\/wp\/v2\/categories?post=466"},{"taxonomy":"post_tag","embeddable":true,"href":"https:\/\/public.kantarpolska.com\/archiwumraportow\/wp-json\/wp\/v2\/tags?post=466"}],"curies":[{"name":"wp","href":"https:\/\/api.w.org\/{rel}","templated":true}]}}