
{"id":4659,"date":"2008-02-29T00:00:00","date_gmt":"2008-02-29T00:00:00","guid":{"rendered":"https:\/\/www.tnsglobal.pl\/archiwumraportow\/2008\/02\/29\/ocena-dzialalnosci-rzadu-premiera-i-prezydenta-w-lutym-2008-roku\/"},"modified":"2008-02-29T00:00:00","modified_gmt":"2008-02-29T00:00:00","slug":"ocena-dzialalnosci-rzadu-premiera-i-prezydenta-w-lutym-2008-roku","status":"publish","type":"post","link":"https:\/\/public.kantarpolska.com\/archiwumraportow\/2008\/02\/29\/ocena-dzialalnosci-rzadu-premiera-i-prezydenta-w-lutym-2008-roku\/","title":{"rendered":"Ocena dzia\u0142alno\u015bci rz\u0105du, premiera i prezydenta w lutym 2008 roku"},"content":{"rendered":"<p>W lutym 2008 r. TNS OBOP przeprowadzi\u0142 comiesi\u0119czny sonda\u017c dotycz\u0105cy oceny dzia\u0142alno\u015bci rz\u0105du, premiera i prezydenta. Zapowiadany komunikat prezentuje wyniki badania oraz zestawia je z wynikami analogicznych pomiar\u00f3w<!--more--> przeprowadzanych od stycznia ubieg\u0142ego roku.<\/p>\n<div class=\"infopay\">Raport udost\u0119pniany jest bezp\u0142atnie, w us\u0142udze &#8222;udost\u0119pnij aby pobra\u0107&#8221;.<br \/>\n          <b>Na czym to polega?<\/b> Raport b\u0119dzie dost\u0119pny do pobrania w pdf po udost\u0119pnieniu wpisu z linkiem do Archiwum Raport\u00f3w TNS Polska na wybranym serwisie spo\u0142eczno\u015bciowym: Facebooku lub Twitterze.\n          <\/div>\n","protected":false},"excerpt":{"rendered":"<p>W lutym 2008 r. TNS OBOP przeprowadzi\u0142 comiesi\u0119czny sonda\u017c dotycz\u0105cy oceny dzia\u0142alno\u015bci rz\u0105du, premiera i prezydenta. Zapowiadany komunikat prezentuje wyniki badania oraz zestawia je z wynikami analogicznych pomiar\u00f3w<\/p>\n","protected":false},"author":1,"featured_media":0,"comment_status":"closed","ping_status":"closed","sticky":false,"template":"","format":"standard","meta":{"ngg_post_thumbnail":0},"categories":[1],"tags":[],"_links":{"self":[{"href":"https:\/\/public.kantarpolska.com\/archiwumraportow\/wp-json\/wp\/v2\/posts\/4659"}],"collection":[{"href":"https:\/\/public.kantarpolska.com\/archiwumraportow\/wp-json\/wp\/v2\/posts"}],"about":[{"href":"https:\/\/public.kantarpolska.com\/archiwumraportow\/wp-json\/wp\/v2\/types\/post"}],"author":[{"embeddable":true,"href":"https:\/\/public.kantarpolska.com\/archiwumraportow\/wp-json\/wp\/v2\/users\/1"}],"replies":[{"embeddable":true,"href":"https:\/\/public.kantarpolska.com\/archiwumraportow\/wp-json\/wp\/v2\/comments?post=4659"}],"version-history":[{"count":0,"href":"https:\/\/public.kantarpolska.com\/archiwumraportow\/wp-json\/wp\/v2\/posts\/4659\/revisions"}],"wp:attachment":[{"href":"https:\/\/public.kantarpolska.com\/archiwumraportow\/wp-json\/wp\/v2\/media?parent=4659"}],"wp:term":[{"taxonomy":"category","embeddable":true,"href":"https:\/\/public.kantarpolska.com\/archiwumraportow\/wp-json\/wp\/v2\/categories?post=4659"},{"taxonomy":"post_tag","embeddable":true,"href":"https:\/\/public.kantarpolska.com\/archiwumraportow\/wp-json\/wp\/v2\/tags?post=4659"}],"curies":[{"name":"wp","href":"https:\/\/api.w.org\/{rel}","templated":true}]}}