
{"id":4651,"date":"2008-03-26T00:00:00","date_gmt":"2008-03-26T00:00:00","guid":{"rendered":"https:\/\/www.tnsglobal.pl\/archiwumraportow\/2008\/03\/26\/preferencje-partyjne-polakow-w-marcu-2008-r\/"},"modified":"2008-03-26T00:00:00","modified_gmt":"2008-03-26T00:00:00","slug":"preferencje-partyjne-polakow-w-marcu-2008-r","status":"publish","type":"post","link":"https:\/\/public.kantarpolska.com\/archiwumraportow\/2008\/03\/26\/preferencje-partyjne-polakow-w-marcu-2008-r\/","title":{"rendered":"Preferencje partyjne Polak\u00f3w w marcu 2008 r."},"content":{"rendered":"<p>W pierwszej po\u0142owie marca TNS OBOP przeprowadzi\u0142 kolejny sonda\u017c preferencji partyjnych Polak\u00f3w. W badaniu tym &#8211; jak ka\u017cdego miesi\u0105ca &#8211; zapytali\u015bmy losow\u0105, reprezentatywn\u0105 grup\u0119 doros\u0142ych Polak\u00f3w o gotowo\u015b\u0107<!--more--> uczestniczenia w wyborach parlamentarnych, je\u015bli ich termin przypada\u0142by na najbli\u017csz\u0105 niedziel\u0119. Osoby odpowiadaj\u0105ce pozytywnie prosili\u015bmy o wskazanie ugrupowania, na kt\u00f3re w wyborach tych by g\u0142osowa\u0142y. Uzyskane wyniki poparcia dla partii przeliczone zosta\u0142y do os\u00f3b maj\u0105cych sprecyzowane preferencje; informacja o liczbie os\u00f3b, kt\u00f3re cho\u0107 deklarowa\u0142y zamiar g\u0142osowania, ale nie by\u0142y zdecydowane jak g\u0142osowa\u0107, podana zosta\u0142a osobno.<\/p>\n<div class=\"infopay\">Raport udost\u0119pniany jest bezp\u0142atnie, w us\u0142udze &#8222;udost\u0119pnij aby pobra\u0107&#8221;.<br \/>\n          <b>Na czym to polega?<\/b> Raport b\u0119dzie dost\u0119pny do pobrania w pdf po udost\u0119pnieniu wpisu z linkiem do Archiwum Raport\u00f3w TNS Polska na wybranym serwisie spo\u0142eczno\u015bciowym: Facebooku lub Twitterze.\n          <\/div>\n","protected":false},"excerpt":{"rendered":"<p>W pierwszej po\u0142owie marca TNS OBOP przeprowadzi\u0142 kolejny sonda\u017c preferencji partyjnych Polak\u00f3w. W badaniu tym &#8211; jak ka\u017cdego miesi\u0105ca &#8211; zapytali\u015bmy losow\u0105, reprezentatywn\u0105 grup\u0119 doros\u0142ych Polak\u00f3w o gotowo\u015b\u0107<\/p>\n","protected":false},"author":1,"featured_media":0,"comment_status":"closed","ping_status":"closed","sticky":false,"template":"","format":"standard","meta":{"ngg_post_thumbnail":0},"categories":[1],"tags":[],"_links":{"self":[{"href":"https:\/\/public.kantarpolska.com\/archiwumraportow\/wp-json\/wp\/v2\/posts\/4651"}],"collection":[{"href":"https:\/\/public.kantarpolska.com\/archiwumraportow\/wp-json\/wp\/v2\/posts"}],"about":[{"href":"https:\/\/public.kantarpolska.com\/archiwumraportow\/wp-json\/wp\/v2\/types\/post"}],"author":[{"embeddable":true,"href":"https:\/\/public.kantarpolska.com\/archiwumraportow\/wp-json\/wp\/v2\/users\/1"}],"replies":[{"embeddable":true,"href":"https:\/\/public.kantarpolska.com\/archiwumraportow\/wp-json\/wp\/v2\/comments?post=4651"}],"version-history":[{"count":0,"href":"https:\/\/public.kantarpolska.com\/archiwumraportow\/wp-json\/wp\/v2\/posts\/4651\/revisions"}],"wp:attachment":[{"href":"https:\/\/public.kantarpolska.com\/archiwumraportow\/wp-json\/wp\/v2\/media?parent=4651"}],"wp:term":[{"taxonomy":"category","embeddable":true,"href":"https:\/\/public.kantarpolska.com\/archiwumraportow\/wp-json\/wp\/v2\/categories?post=4651"},{"taxonomy":"post_tag","embeddable":true,"href":"https:\/\/public.kantarpolska.com\/archiwumraportow\/wp-json\/wp\/v2\/tags?post=4651"}],"curies":[{"name":"wp","href":"https:\/\/api.w.org\/{rel}","templated":true}]}}