
{"id":4647,"date":"2008-07-18T00:00:00","date_gmt":"2008-07-18T00:00:00","guid":{"rendered":"https:\/\/www.tnsglobal.pl\/archiwumraportow\/2008\/07\/18\/o-pracy-sejmu-i-pracy-poslow\/"},"modified":"2008-07-18T00:00:00","modified_gmt":"2008-07-18T00:00:00","slug":"o-pracy-sejmu-i-pracy-poslow","status":"publish","type":"post","link":"https:\/\/public.kantarpolska.com\/archiwumraportow\/2008\/07\/18\/o-pracy-sejmu-i-pracy-poslow\/","title":{"rendered":"O pracy sejmu i pracy pos\u0142\u00f3w"},"content":{"rendered":"<p>Sejm, a tak\u017ce Senat obecnej kadencji, wybrane w wyborach w pa\u017adzierniku  2007 r., zwraca\u0142y uwag\u0119 cz\u0119\u015bci publicyst\u00f3w i polityk\u00f3w ma\u0142\u0105 aktywno\u015bci\u0105  legislacyjn\u0105. Przed zarzutami, kierowanymi faktycznie<!--more--> wobec rz\u0105du broni\u0142 parlamentu premier Donald Tusk. W sonda\u017cu TNS OBOP  z 3-7 lipca 2008 r. zbadano opinie Polak\u00f3w o Sejmie. Komunikat przedstawia wyniki tego badania.<\/p>\n<div class=\"infopay\">Raport udost\u0119pniany jest bezp\u0142atnie, w us\u0142udze &#8222;udost\u0119pnij aby pobra\u0107&#8221;.<br \/>\n          <b>Na czym to polega?<\/b> Raport b\u0119dzie dost\u0119pny do pobrania w pdf po udost\u0119pnieniu wpisu z linkiem do Archiwum Raport\u00f3w TNS Polska na wybranym serwisie spo\u0142eczno\u015bciowym: Facebooku lub Twitterze.\n          <\/div>\n","protected":false},"excerpt":{"rendered":"<p>Sejm, a tak\u017ce Senat obecnej kadencji, wybrane w wyborach w pa\u017adzierniku 2007 r., zwraca\u0142y uwag\u0119 cz\u0119\u015bci publicyst\u00f3w i polityk\u00f3w ma\u0142\u0105 aktywno\u015bci\u0105 legislacyjn\u0105. Przed zarzutami, kierowanymi faktycznie<\/p>\n","protected":false},"author":1,"featured_media":0,"comment_status":"closed","ping_status":"closed","sticky":false,"template":"","format":"standard","meta":{"ngg_post_thumbnail":0},"categories":[1],"tags":[],"_links":{"self":[{"href":"https:\/\/public.kantarpolska.com\/archiwumraportow\/wp-json\/wp\/v2\/posts\/4647"}],"collection":[{"href":"https:\/\/public.kantarpolska.com\/archiwumraportow\/wp-json\/wp\/v2\/posts"}],"about":[{"href":"https:\/\/public.kantarpolska.com\/archiwumraportow\/wp-json\/wp\/v2\/types\/post"}],"author":[{"embeddable":true,"href":"https:\/\/public.kantarpolska.com\/archiwumraportow\/wp-json\/wp\/v2\/users\/1"}],"replies":[{"embeddable":true,"href":"https:\/\/public.kantarpolska.com\/archiwumraportow\/wp-json\/wp\/v2\/comments?post=4647"}],"version-history":[{"count":0,"href":"https:\/\/public.kantarpolska.com\/archiwumraportow\/wp-json\/wp\/v2\/posts\/4647\/revisions"}],"wp:attachment":[{"href":"https:\/\/public.kantarpolska.com\/archiwumraportow\/wp-json\/wp\/v2\/media?parent=4647"}],"wp:term":[{"taxonomy":"category","embeddable":true,"href":"https:\/\/public.kantarpolska.com\/archiwumraportow\/wp-json\/wp\/v2\/categories?post=4647"},{"taxonomy":"post_tag","embeddable":true,"href":"https:\/\/public.kantarpolska.com\/archiwumraportow\/wp-json\/wp\/v2\/tags?post=4647"}],"curies":[{"name":"wp","href":"https:\/\/api.w.org\/{rel}","templated":true}]}}