
{"id":4644,"date":"2008-06-23T00:00:00","date_gmt":"2008-06-23T00:00:00","guid":{"rendered":"https:\/\/www.tnsglobal.pl\/archiwumraportow\/2008\/06\/23\/na-wczesniejsze-emerytury-mala-sila-perswazji-reformatorow\/"},"modified":"2008-06-23T00:00:00","modified_gmt":"2008-06-23T00:00:00","slug":"na-wczesniejsze-emerytury-mala-sila-perswazji-reformatorow","status":"publish","type":"post","link":"https:\/\/public.kantarpolska.com\/archiwumraportow\/2008\/06\/23\/na-wczesniejsze-emerytury-mala-sila-perswazji-reformatorow\/","title":{"rendered":"Na wcze\u015bniejsze emerytury! Ma\u0142a si\u0142a perswazji reformator\u00f3w."},"content":{"rendered":"<p>Wa\u017cnym problemem w pa\u0144stwie oraz tematem w mediach i w rozmowach s\u0105 obecnie wcze\u015bniejsze emerytury. Na ten temat przeprowadzono wiele sonda\u017cy. Na og\u00f3\u0142 wynika\u0142o z nich,<!--more--> \u017ce Polacy s\u0105 za utrzymaniem rozbudowanego systemu wcze\u015bniejszych emerytur. Relacjonowany sonda\u017c TNS OBOP z 5-9 czerwca 2008 r. tym si\u0119 r\u00f3\u017cni od innych sonda\u017cy, \u017ce bada si\u0142\u0119 perswazyjn\u0105 argument\u00f3w u\u017cywanych przez zwolennik\u00f3w znacznego ograniczenia zakresu wcze\u015bniejszych emerytur.<\/p>\n<div class=\"infopay\">Raport udost\u0119pniany jest bezp\u0142atnie, w us\u0142udze &#8222;udost\u0119pnij aby pobra\u0107&#8221;.<br \/>\n          <b>Na czym to polega?<\/b> Raport b\u0119dzie dost\u0119pny do pobrania w pdf po udost\u0119pnieniu wpisu z linkiem do Archiwum Raport\u00f3w TNS Polska na wybranym serwisie spo\u0142eczno\u015bciowym: Facebooku lub Twitterze.\n          <\/div>\n","protected":false},"excerpt":{"rendered":"<p>Wa\u017cnym problemem w pa\u0144stwie oraz tematem w mediach i w rozmowach s\u0105 obecnie wcze\u015bniejsze emerytury. Na ten temat przeprowadzono wiele sonda\u017cy. Na og\u00f3\u0142 wynika\u0142o z nich,<\/p>\n","protected":false},"author":1,"featured_media":0,"comment_status":"closed","ping_status":"closed","sticky":false,"template":"","format":"standard","meta":{"ngg_post_thumbnail":0},"categories":[1],"tags":[],"_links":{"self":[{"href":"https:\/\/public.kantarpolska.com\/archiwumraportow\/wp-json\/wp\/v2\/posts\/4644"}],"collection":[{"href":"https:\/\/public.kantarpolska.com\/archiwumraportow\/wp-json\/wp\/v2\/posts"}],"about":[{"href":"https:\/\/public.kantarpolska.com\/archiwumraportow\/wp-json\/wp\/v2\/types\/post"}],"author":[{"embeddable":true,"href":"https:\/\/public.kantarpolska.com\/archiwumraportow\/wp-json\/wp\/v2\/users\/1"}],"replies":[{"embeddable":true,"href":"https:\/\/public.kantarpolska.com\/archiwumraportow\/wp-json\/wp\/v2\/comments?post=4644"}],"version-history":[{"count":0,"href":"https:\/\/public.kantarpolska.com\/archiwumraportow\/wp-json\/wp\/v2\/posts\/4644\/revisions"}],"wp:attachment":[{"href":"https:\/\/public.kantarpolska.com\/archiwumraportow\/wp-json\/wp\/v2\/media?parent=4644"}],"wp:term":[{"taxonomy":"category","embeddable":true,"href":"https:\/\/public.kantarpolska.com\/archiwumraportow\/wp-json\/wp\/v2\/categories?post=4644"},{"taxonomy":"post_tag","embeddable":true,"href":"https:\/\/public.kantarpolska.com\/archiwumraportow\/wp-json\/wp\/v2\/tags?post=4644"}],"curies":[{"name":"wp","href":"https:\/\/api.w.org\/{rel}","templated":true}]}}