
{"id":4642,"date":"2008-06-26T00:00:00","date_gmt":"2008-06-26T00:00:00","guid":{"rendered":"https:\/\/www.tnsglobal.pl\/archiwumraportow\/2008\/06\/26\/duma-i-wstyd-polakow\/"},"modified":"2008-06-26T00:00:00","modified_gmt":"2008-06-26T00:00:00","slug":"duma-i-wstyd-polakow","status":"publish","type":"post","link":"https:\/\/public.kantarpolska.com\/archiwumraportow\/2008\/06\/26\/duma-i-wstyd-polakow\/","title":{"rendered":"Duma i wstyd Polak\u00f3w"},"content":{"rendered":"<p>Pami\u0119\u0107 czyn\u00f3w chwalebnych i post\u0119pk\u00f3w haniebnych maj\u0105 nie tylko ludzie, ale i narody. Pami\u0119\u0107 zbiorowa obejmuje zar\u00f3wno zdarzenia, z kt\u00f3rych narody czerpi\u0105 dum\u0119, jak i zdarzenia,<!--more--> kt\u00f3re s\u0105 powodem do wstydu. Narody maj\u0105 sk\u0142onno\u015b\u0107 do podtrzymywania pami\u0119ci czyn\u00f3w chwalebnych, a nieprzyjmowania do wiadomo\u015bci i wypierania z pami\u0119ci  zdarze\u0144 haniebnych, pami\u0119\u0107 zbiorowa nie jest bowiem bezstronnym &#8222;historykiem narodu&#8221;, lecz s\u0142u\u017cy podtrzymywaniu narodowego Ja. O Polakach s\u0105dzi si\u0119 potocznie, \u017ce maj\u0105 do swej przesz\u0142o\u015bci stosunek apolegetyczny i s\u0105 niezwykle odporni na wszystko, co przeszkadza im w samouwielbianiu si\u0119. W sonda\u017cu z  5-9.06.2008 TNS OBOP dotkn\u0105\u0142 tego zagadnienia.<\/p>\n<div class=\"infopay\">Raport udost\u0119pniany jest bezp\u0142atnie, w us\u0142udze &#8222;udost\u0119pnij aby pobra\u0107&#8221;.<br \/>\n          <b>Na czym to polega?<\/b> Raport b\u0119dzie dost\u0119pny do pobrania w pdf po udost\u0119pnieniu wpisu z linkiem do Archiwum Raport\u00f3w TNS Polska na wybranym serwisie spo\u0142eczno\u015bciowym: Facebooku lub Twitterze.\n          <\/div>\n","protected":false},"excerpt":{"rendered":"<p>Pami\u0119\u0107 czyn\u00f3w chwalebnych i post\u0119pk\u00f3w haniebnych maj\u0105 nie tylko ludzie, ale i narody. Pami\u0119\u0107 zbiorowa obejmuje zar\u00f3wno zdarzenia, z kt\u00f3rych narody czerpi\u0105 dum\u0119, jak i zdarzenia,<\/p>\n","protected":false},"author":1,"featured_media":0,"comment_status":"closed","ping_status":"closed","sticky":false,"template":"","format":"standard","meta":{"ngg_post_thumbnail":0},"categories":[1],"tags":[],"_links":{"self":[{"href":"https:\/\/public.kantarpolska.com\/archiwumraportow\/wp-json\/wp\/v2\/posts\/4642"}],"collection":[{"href":"https:\/\/public.kantarpolska.com\/archiwumraportow\/wp-json\/wp\/v2\/posts"}],"about":[{"href":"https:\/\/public.kantarpolska.com\/archiwumraportow\/wp-json\/wp\/v2\/types\/post"}],"author":[{"embeddable":true,"href":"https:\/\/public.kantarpolska.com\/archiwumraportow\/wp-json\/wp\/v2\/users\/1"}],"replies":[{"embeddable":true,"href":"https:\/\/public.kantarpolska.com\/archiwumraportow\/wp-json\/wp\/v2\/comments?post=4642"}],"version-history":[{"count":2,"href":"https:\/\/public.kantarpolska.com\/archiwumraportow\/wp-json\/wp\/v2\/posts\/4642\/revisions"}],"predecessor-version":[{"id":6254,"href":"https:\/\/public.kantarpolska.com\/archiwumraportow\/wp-json\/wp\/v2\/posts\/4642\/revisions\/6254"}],"wp:attachment":[{"href":"https:\/\/public.kantarpolska.com\/archiwumraportow\/wp-json\/wp\/v2\/media?parent=4642"}],"wp:term":[{"taxonomy":"category","embeddable":true,"href":"https:\/\/public.kantarpolska.com\/archiwumraportow\/wp-json\/wp\/v2\/categories?post=4642"},{"taxonomy":"post_tag","embeddable":true,"href":"https:\/\/public.kantarpolska.com\/archiwumraportow\/wp-json\/wp\/v2\/tags?post=4642"}],"curies":[{"name":"wp","href":"https:\/\/api.w.org\/{rel}","templated":true}]}}