
{"id":4641,"date":"2008-06-26T00:00:00","date_gmt":"2008-06-26T00:00:00","guid":{"rendered":"https:\/\/www.tnsglobal.pl\/archiwumraportow\/2008\/06\/26\/ocena-dzialalnosci-rzadu-premiera-i-prezydenta-w-czerwcu-2008-roku\/"},"modified":"2008-06-26T00:00:00","modified_gmt":"2008-06-26T00:00:00","slug":"ocena-dzialalnosci-rzadu-premiera-i-prezydenta-w-czerwcu-2008-roku","status":"publish","type":"post","link":"https:\/\/public.kantarpolska.com\/archiwumraportow\/2008\/06\/26\/ocena-dzialalnosci-rzadu-premiera-i-prezydenta-w-czerwcu-2008-roku\/","title":{"rendered":"Ocena dzia\u0142alno\u015bci rz\u0105du, premiera i prezydenta w czerwcu 2008 roku"},"content":{"rendered":"<p>Na pocz\u0105tku czerwca TNS OBOP zbada\u0142 stosunek do rz\u0105du, premiera i prezydenta. Respondenci ocenili dzia\u0142alno\u015b\u0107 premiera Donalda Tuska &#8211;  p\u00f3\u0142 roku po obj\u0119ciu w\u0142adzy &#8211; i kierowanego<!--more--> przez niego rz\u0105du, a tak\u017ce wype\u0142nianie obowi\u0105zk\u00f3w prezydenta przez Lecha Kaczy\u0144skiego. W niniejszym opracowaniu przedstawiono wyniki pomiaru pozytywnych i negatywnych ocen premiera, rz\u0105du i prezydenta oraz zestawiono je z ich poprzednimi notowaniami.<\/p>\n<div class=\"infopay\">Raport udost\u0119pniany jest bezp\u0142atnie, w us\u0142udze &#8222;udost\u0119pnij aby pobra\u0107&#8221;.<br \/>\n          <b>Na czym to polega?<\/b> Raport b\u0119dzie dost\u0119pny do pobrania w pdf po udost\u0119pnieniu wpisu z linkiem do Archiwum Raport\u00f3w TNS Polska na wybranym serwisie spo\u0142eczno\u015bciowym: Facebooku lub Twitterze.\n          <\/div>\n","protected":false},"excerpt":{"rendered":"<p>Na pocz\u0105tku czerwca TNS OBOP zbada\u0142 stosunek do rz\u0105du, premiera i prezydenta. Respondenci ocenili dzia\u0142alno\u015b\u0107 premiera Donalda Tuska &#8211; p\u00f3\u0142 roku po obj\u0119ciu w\u0142adzy &#8211; i kierowanego<\/p>\n","protected":false},"author":1,"featured_media":0,"comment_status":"closed","ping_status":"closed","sticky":false,"template":"","format":"standard","meta":{"ngg_post_thumbnail":0},"categories":[1],"tags":[],"_links":{"self":[{"href":"https:\/\/public.kantarpolska.com\/archiwumraportow\/wp-json\/wp\/v2\/posts\/4641"}],"collection":[{"href":"https:\/\/public.kantarpolska.com\/archiwumraportow\/wp-json\/wp\/v2\/posts"}],"about":[{"href":"https:\/\/public.kantarpolska.com\/archiwumraportow\/wp-json\/wp\/v2\/types\/post"}],"author":[{"embeddable":true,"href":"https:\/\/public.kantarpolska.com\/archiwumraportow\/wp-json\/wp\/v2\/users\/1"}],"replies":[{"embeddable":true,"href":"https:\/\/public.kantarpolska.com\/archiwumraportow\/wp-json\/wp\/v2\/comments?post=4641"}],"version-history":[{"count":0,"href":"https:\/\/public.kantarpolska.com\/archiwumraportow\/wp-json\/wp\/v2\/posts\/4641\/revisions"}],"wp:attachment":[{"href":"https:\/\/public.kantarpolska.com\/archiwumraportow\/wp-json\/wp\/v2\/media?parent=4641"}],"wp:term":[{"taxonomy":"category","embeddable":true,"href":"https:\/\/public.kantarpolska.com\/archiwumraportow\/wp-json\/wp\/v2\/categories?post=4641"},{"taxonomy":"post_tag","embeddable":true,"href":"https:\/\/public.kantarpolska.com\/archiwumraportow\/wp-json\/wp\/v2\/tags?post=4641"}],"curies":[{"name":"wp","href":"https:\/\/api.w.org\/{rel}","templated":true}]}}