
{"id":4640,"date":"2008-06-30T00:00:00","date_gmt":"2008-06-30T00:00:00","guid":{"rendered":"https:\/\/www.tnsglobal.pl\/archiwumraportow\/2008\/06\/30\/opinie-o-czlonkostwie-polski-w-unii-europejskiej-w-pierwszej-polowie-czerwca-2008-roku\/"},"modified":"2008-06-30T00:00:00","modified_gmt":"2008-06-30T00:00:00","slug":"opinie-o-czlonkostwie-polski-w-unii-europejskiej-w-pierwszej-polowie-czerwca-2008-roku","status":"publish","type":"post","link":"https:\/\/public.kantarpolska.com\/archiwumraportow\/2008\/06\/30\/opinie-o-czlonkostwie-polski-w-unii-europejskiej-w-pierwszej-polowie-czerwca-2008-roku\/","title":{"rendered":"Opinie o cz\u0142onkostwie Polski w Unii Europejskiej w pierwszej po\u0142owie czerwca 2008 roku"},"content":{"rendered":"<p>W komunikacie przedstawiono wyniki comiesi\u0119cznego badania opinii publicznej na temat przynale\u017cno\u015bci Polski do Unii Europejskiej, zrealizowanego przez TNS OBOP w pierwszej po\u0142owie czerwca. Sonda\u017c dotyczy\u0142 og\u00f3lnej<!--more--> oceny cz\u0142onkostwa w UE oraz ocen wp\u0142ywu wej\u015bcia Polski do Unii na w\u0142asne \u017cycie, sytuacj\u0119 kraju oraz jego pozycj\u0119 w \u015bwiecie.<\/p>\n<div class=\"infopay\">Raport udost\u0119pniany jest bezp\u0142atnie, w us\u0142udze &#8222;udost\u0119pnij aby pobra\u0107&#8221;.<br \/>\n          <b>Na czym to polega?<\/b> Raport b\u0119dzie dost\u0119pny do pobrania w pdf po udost\u0119pnieniu wpisu z linkiem do Archiwum Raport\u00f3w TNS Polska na wybranym serwisie spo\u0142eczno\u015bciowym: Facebooku lub Twitterze.\n          <\/div>\n","protected":false},"excerpt":{"rendered":"<p>W komunikacie przedstawiono wyniki comiesi\u0119cznego badania opinii publicznej na temat przynale\u017cno\u015bci Polski do Unii Europejskiej, zrealizowanego przez TNS OBOP w pierwszej po\u0142owie czerwca. Sonda\u017c dotyczy\u0142 og\u00f3lnej<\/p>\n","protected":false},"author":1,"featured_media":0,"comment_status":"closed","ping_status":"closed","sticky":false,"template":"","format":"standard","meta":{"ngg_post_thumbnail":0},"categories":[1],"tags":[],"_links":{"self":[{"href":"https:\/\/public.kantarpolska.com\/archiwumraportow\/wp-json\/wp\/v2\/posts\/4640"}],"collection":[{"href":"https:\/\/public.kantarpolska.com\/archiwumraportow\/wp-json\/wp\/v2\/posts"}],"about":[{"href":"https:\/\/public.kantarpolska.com\/archiwumraportow\/wp-json\/wp\/v2\/types\/post"}],"author":[{"embeddable":true,"href":"https:\/\/public.kantarpolska.com\/archiwumraportow\/wp-json\/wp\/v2\/users\/1"}],"replies":[{"embeddable":true,"href":"https:\/\/public.kantarpolska.com\/archiwumraportow\/wp-json\/wp\/v2\/comments?post=4640"}],"version-history":[{"count":0,"href":"https:\/\/public.kantarpolska.com\/archiwumraportow\/wp-json\/wp\/v2\/posts\/4640\/revisions"}],"wp:attachment":[{"href":"https:\/\/public.kantarpolska.com\/archiwumraportow\/wp-json\/wp\/v2\/media?parent=4640"}],"wp:term":[{"taxonomy":"category","embeddable":true,"href":"https:\/\/public.kantarpolska.com\/archiwumraportow\/wp-json\/wp\/v2\/categories?post=4640"},{"taxonomy":"post_tag","embeddable":true,"href":"https:\/\/public.kantarpolska.com\/archiwumraportow\/wp-json\/wp\/v2\/tags?post=4640"}],"curies":[{"name":"wp","href":"https:\/\/api.w.org\/{rel}","templated":true}]}}