
{"id":4635,"date":"2008-05-30T00:00:00","date_gmt":"2008-05-30T00:00:00","guid":{"rendered":"https:\/\/www.tnsglobal.pl\/archiwumraportow\/2008\/05\/30\/zapowiedzi-premiera-tuska\/"},"modified":"2008-05-30T00:00:00","modified_gmt":"2008-05-30T00:00:00","slug":"zapowiedzi-premiera-tuska","status":"publish","type":"post","link":"https:\/\/public.kantarpolska.com\/archiwumraportow\/2008\/05\/30\/zapowiedzi-premiera-tuska\/","title":{"rendered":"Zapowiedzi premiera Tuska"},"content":{"rendered":"<p>W telewizyjnym przem\u00f3wieniu z 3 Maja premier Donald Tusk zapowiedzia\u0142, \u017ce rz\u0105d zajmie si\u0119 w szczeg\u00f3lno\u015bci sytuacj\u0105 os\u00f3b starszych oraz dzieci i m\u0142odzie\u017cy. W odniesieniu do pierwszej<!--more--> grupy m\u00f3wi\u0142 o aktywizacji zawodowej os\u00f3b 50+, o wy\u017cszych emeryturach i o zwolnieniach z p\u0142acenia abonamentu RTV, a w odniesieniu do drugich m\u00f3wi\u0142 o komputerach i obiadach dla dzieci w szkole oraz przemocy wobec dzieci. W sonda\u017cu TNS OBOP z 8-12.05.2008 r zbadano odbi\u00f3r spo\u0142eczny niekt\u00f3rych z tych zapowiedzi.<\/p>\n<div class=\"infopay\">Raport udost\u0119pniany jest bezp\u0142atnie, w us\u0142udze &#8222;udost\u0119pnij aby pobra\u0107&#8221;.<br \/>\n          <b>Na czym to polega?<\/b> Raport b\u0119dzie dost\u0119pny do pobrania w pdf po udost\u0119pnieniu wpisu z linkiem do Archiwum Raport\u00f3w TNS Polska na wybranym serwisie spo\u0142eczno\u015bciowym: Facebooku lub Twitterze.\n          <\/div>\n","protected":false},"excerpt":{"rendered":"<p>W telewizyjnym przem\u00f3wieniu z 3 Maja premier Donald Tusk zapowiedzia\u0142, \u017ce rz\u0105d zajmie si\u0119 w szczeg\u00f3lno\u015bci sytuacj\u0105 os\u00f3b starszych oraz dzieci i m\u0142odzie\u017cy. W odniesieniu do pierwszej<\/p>\n","protected":false},"author":1,"featured_media":0,"comment_status":"closed","ping_status":"closed","sticky":false,"template":"","format":"standard","meta":{"ngg_post_thumbnail":0},"categories":[1],"tags":[],"_links":{"self":[{"href":"https:\/\/public.kantarpolska.com\/archiwumraportow\/wp-json\/wp\/v2\/posts\/4635"}],"collection":[{"href":"https:\/\/public.kantarpolska.com\/archiwumraportow\/wp-json\/wp\/v2\/posts"}],"about":[{"href":"https:\/\/public.kantarpolska.com\/archiwumraportow\/wp-json\/wp\/v2\/types\/post"}],"author":[{"embeddable":true,"href":"https:\/\/public.kantarpolska.com\/archiwumraportow\/wp-json\/wp\/v2\/users\/1"}],"replies":[{"embeddable":true,"href":"https:\/\/public.kantarpolska.com\/archiwumraportow\/wp-json\/wp\/v2\/comments?post=4635"}],"version-history":[{"count":0,"href":"https:\/\/public.kantarpolska.com\/archiwumraportow\/wp-json\/wp\/v2\/posts\/4635\/revisions"}],"wp:attachment":[{"href":"https:\/\/public.kantarpolska.com\/archiwumraportow\/wp-json\/wp\/v2\/media?parent=4635"}],"wp:term":[{"taxonomy":"category","embeddable":true,"href":"https:\/\/public.kantarpolska.com\/archiwumraportow\/wp-json\/wp\/v2\/categories?post=4635"},{"taxonomy":"post_tag","embeddable":true,"href":"https:\/\/public.kantarpolska.com\/archiwumraportow\/wp-json\/wp\/v2\/tags?post=4635"}],"curies":[{"name":"wp","href":"https:\/\/api.w.org\/{rel}","templated":true}]}}