
{"id":4633,"date":"2008-05-21T00:00:00","date_gmt":"2008-05-21T00:00:00","guid":{"rendered":"https:\/\/www.tnsglobal.pl\/archiwumraportow\/2008\/05\/21\/preferencje-partyjne-polakow-w-maju-2008-r\/"},"modified":"2008-05-21T00:00:00","modified_gmt":"2008-05-21T00:00:00","slug":"preferencje-partyjne-polakow-w-maju-2008-r","status":"publish","type":"post","link":"https:\/\/public.kantarpolska.com\/archiwumraportow\/2008\/05\/21\/preferencje-partyjne-polakow-w-maju-2008-r\/","title":{"rendered":"Preferencje partyjne Polak\u00f3w w maju 2008 r."},"content":{"rendered":"<p>W po\u0142owie  maja 2008 r. TNS OBOP przeprowadzi\u0142 cykliczny sonda\u017c preferencji partyjnych Polak\u00f3w. W badaniu tym &#8211; jak ka\u017cdego miesi\u0105ca &#8211; zapytali\u015bmy Polak\u00f3w o gotowo\u015b\u0107 wzi\u0119cia udzia\u0142u<!--more--> w wyborach parlamentarnych, gdyby mia\u0142y si\u0119 one odbywa\u0107 w najbli\u017csz\u0105 niedziel\u0119, a osoby deklaruj\u0105ce zamiar g\u0142osowania &#8211; o to, kt\u00f3rej z partii przekaza\u0142yby poparcie. Uzyskane wyniki zosta\u0142y zestawione z wynikami analogicznych pomiar\u00f3w prowadzonych od listopada ubieg\u0142ego roku. rnMaj jest pierwszym od d\u0142u\u017cszego czasu miesi\u0105cem, w kt\u00f3rym &#8211; zamiast o koalicj\u0119 Lewica i Demokraci &#8211; w ramach bada\u0144 preferencji prowadzonych cyklicznie przez TNS OBOP zapytano o poszczeg\u00f3lne partie wsp\u00f3\u0142tworz\u0105ce do niedawna LiD z osobna.<\/p>\n<div class=\"infopay\">Raport udost\u0119pniany jest bezp\u0142atnie, w us\u0142udze &#8222;udost\u0119pnij aby pobra\u0107&#8221;.<br \/>\n          <b>Na czym to polega?<\/b> Raport b\u0119dzie dost\u0119pny do pobrania w pdf po udost\u0119pnieniu wpisu z linkiem do Archiwum Raport\u00f3w TNS Polska na wybranym serwisie spo\u0142eczno\u015bciowym: Facebooku lub Twitterze.\n          <\/div>\n","protected":false},"excerpt":{"rendered":"<p>W po\u0142owie maja 2008 r. TNS OBOP przeprowadzi\u0142 cykliczny sonda\u017c preferencji partyjnych Polak\u00f3w. W badaniu tym &#8211; jak ka\u017cdego miesi\u0105ca &#8211; zapytali\u015bmy Polak\u00f3w o gotowo\u015b\u0107 wzi\u0119cia udzia\u0142u<\/p>\n","protected":false},"author":1,"featured_media":0,"comment_status":"closed","ping_status":"closed","sticky":false,"template":"","format":"standard","meta":{"ngg_post_thumbnail":0},"categories":[1],"tags":[],"_links":{"self":[{"href":"https:\/\/public.kantarpolska.com\/archiwumraportow\/wp-json\/wp\/v2\/posts\/4633"}],"collection":[{"href":"https:\/\/public.kantarpolska.com\/archiwumraportow\/wp-json\/wp\/v2\/posts"}],"about":[{"href":"https:\/\/public.kantarpolska.com\/archiwumraportow\/wp-json\/wp\/v2\/types\/post"}],"author":[{"embeddable":true,"href":"https:\/\/public.kantarpolska.com\/archiwumraportow\/wp-json\/wp\/v2\/users\/1"}],"replies":[{"embeddable":true,"href":"https:\/\/public.kantarpolska.com\/archiwumraportow\/wp-json\/wp\/v2\/comments?post=4633"}],"version-history":[{"count":0,"href":"https:\/\/public.kantarpolska.com\/archiwumraportow\/wp-json\/wp\/v2\/posts\/4633\/revisions"}],"wp:attachment":[{"href":"https:\/\/public.kantarpolska.com\/archiwumraportow\/wp-json\/wp\/v2\/media?parent=4633"}],"wp:term":[{"taxonomy":"category","embeddable":true,"href":"https:\/\/public.kantarpolska.com\/archiwumraportow\/wp-json\/wp\/v2\/categories?post=4633"},{"taxonomy":"post_tag","embeddable":true,"href":"https:\/\/public.kantarpolska.com\/archiwumraportow\/wp-json\/wp\/v2\/tags?post=4633"}],"curies":[{"name":"wp","href":"https:\/\/api.w.org\/{rel}","templated":true}]}}