
{"id":461,"date":"2001-09-30T00:00:00","date_gmt":"2001-09-30T00:00:00","guid":{"rendered":"https:\/\/www.tnsglobal.pl\/archiwumraportow\/2001\/09\/30\/jaki-rzad-po-wyborach-preferencje-polakow\/"},"modified":"2001-09-30T00:00:00","modified_gmt":"2001-09-30T00:00:00","slug":"jaki-rzad-po-wyborach-preferencje-polakow","status":"publish","type":"post","link":"https:\/\/public.kantarpolska.com\/archiwumraportow\/2001\/09\/30\/jaki-rzad-po-wyborach-preferencje-polakow\/","title":{"rendered":"Jaki rz\u0105d po wyborach &#8211; preferencje Polak\u00f3w"},"content":{"rendered":"<p>Komunikat przedstawia wyniki telefonicznego sonda\u017cu TNS OBOP przeprowadzonego tydzie\u0144 po wyborach parlamentarnych. Zapytali\u015bmy pe\u0142noletnich Polak\u00f3w o ich preferencje dotycz\u0105ce rozwoju sytuacji w kraju po wyborach: czy chcieliby powstania mniejszo\u015bciowego<!--more--> rz\u0105du tworzonego przez SLD-UP, powstania koalicyjnego rz\u0105du z\u0142o\u017conego z SLD-UP i innej partii, czy te\u017c rozpisania nowych wybor\u00f3w.<\/p>\n<div class=\"infopay\">Raport udost\u0119pniany jest bezp\u0142atnie, w us\u0142udze &#8222;udost\u0119pnij aby pobra\u0107&#8221;.<br \/>\n          <b>Na czym to polega?<\/b> Raport b\u0119dzie dost\u0119pny do pobrania w pdf po udost\u0119pnieniu wpisu z linkiem do Archiwum Raport\u00f3w TNS Polska na wybranym serwisie spo\u0142eczno\u015bciowym: Facebooku lub Twitterze.\n          <\/div>\n","protected":false},"excerpt":{"rendered":"<p>Komunikat przedstawia wyniki telefonicznego sonda\u017cu TNS OBOP przeprowadzonego tydzie\u0144 po wyborach parlamentarnych. Zapytali\u015bmy pe\u0142noletnich Polak\u00f3w o ich preferencje dotycz\u0105ce rozwoju sytuacji w kraju po wyborach: czy chcieliby powstania mniejszo\u015bciowego<\/p>\n","protected":false},"author":1,"featured_media":0,"comment_status":"closed","ping_status":"closed","sticky":false,"template":"","format":"standard","meta":{"ngg_post_thumbnail":0},"categories":[1],"tags":[],"_links":{"self":[{"href":"https:\/\/public.kantarpolska.com\/archiwumraportow\/wp-json\/wp\/v2\/posts\/461"}],"collection":[{"href":"https:\/\/public.kantarpolska.com\/archiwumraportow\/wp-json\/wp\/v2\/posts"}],"about":[{"href":"https:\/\/public.kantarpolska.com\/archiwumraportow\/wp-json\/wp\/v2\/types\/post"}],"author":[{"embeddable":true,"href":"https:\/\/public.kantarpolska.com\/archiwumraportow\/wp-json\/wp\/v2\/users\/1"}],"replies":[{"embeddable":true,"href":"https:\/\/public.kantarpolska.com\/archiwumraportow\/wp-json\/wp\/v2\/comments?post=461"}],"version-history":[{"count":0,"href":"https:\/\/public.kantarpolska.com\/archiwumraportow\/wp-json\/wp\/v2\/posts\/461\/revisions"}],"wp:attachment":[{"href":"https:\/\/public.kantarpolska.com\/archiwumraportow\/wp-json\/wp\/v2\/media?parent=461"}],"wp:term":[{"taxonomy":"category","embeddable":true,"href":"https:\/\/public.kantarpolska.com\/archiwumraportow\/wp-json\/wp\/v2\/categories?post=461"},{"taxonomy":"post_tag","embeddable":true,"href":"https:\/\/public.kantarpolska.com\/archiwumraportow\/wp-json\/wp\/v2\/tags?post=461"}],"curies":[{"name":"wp","href":"https:\/\/api.w.org\/{rel}","templated":true}]}}