
{"id":459,"date":"2001-09-11T00:00:00","date_gmt":"2001-09-11T00:00:00","guid":{"rendered":"https:\/\/www.tnsglobal.pl\/archiwumraportow\/2001\/09\/11\/nastroje-spoleczne-dwa-tygodnie-przed-wyborami\/"},"modified":"2001-09-11T00:00:00","modified_gmt":"2001-09-11T00:00:00","slug":"nastroje-spoleczne-dwa-tygodnie-przed-wyborami","status":"publish","type":"post","link":"https:\/\/public.kantarpolska.com\/archiwumraportow\/2001\/09\/11\/nastroje-spoleczne-dwa-tygodnie-przed-wyborami\/","title":{"rendered":"Nastroje spo\u0142eczne dwa tygodnie przed wyborami"},"content":{"rendered":"<p>Po raz ostatni przed wyborami parlamentarnymi przeprowadzili\u015bmy pomiar nastroj\u00f3w polskiego spo\u0142ecze\u0144stwa. Na dwa tygodnie przed p\u00f3j\u015bciem do urn wyborczych Polacy ocenili kierunek zmian w kraju, stan polskiej gospodarki<!--more--> oraz podzielili si\u0119 swoimi opiniami na temat rozwoju materialnych warunk\u00f3w \u017cycia w ci\u0105gu najbli\u017cszych trzech lat.<\/p>\n<div class=\"infopay\">Raport udost\u0119pniany jest bezp\u0142atnie, w us\u0142udze &#8222;udost\u0119pnij aby pobra\u0107&#8221;.<br \/>\n          <b>Na czym to polega?<\/b> Raport b\u0119dzie dost\u0119pny do pobrania w pdf po udost\u0119pnieniu wpisu z linkiem do Archiwum Raport\u00f3w TNS Polska na wybranym serwisie spo\u0142eczno\u015bciowym: Facebooku lub Twitterze.\n          <\/div>\n","protected":false},"excerpt":{"rendered":"<p>Po raz ostatni przed wyborami parlamentarnymi przeprowadzili\u015bmy pomiar nastroj\u00f3w polskiego spo\u0142ecze\u0144stwa. Na dwa tygodnie przed p\u00f3j\u015bciem do urn wyborczych Polacy ocenili kierunek zmian w kraju, stan polskiej gospodarki<\/p>\n","protected":false},"author":1,"featured_media":0,"comment_status":"closed","ping_status":"closed","sticky":false,"template":"","format":"standard","meta":{"ngg_post_thumbnail":0},"categories":[1],"tags":[],"_links":{"self":[{"href":"https:\/\/public.kantarpolska.com\/archiwumraportow\/wp-json\/wp\/v2\/posts\/459"}],"collection":[{"href":"https:\/\/public.kantarpolska.com\/archiwumraportow\/wp-json\/wp\/v2\/posts"}],"about":[{"href":"https:\/\/public.kantarpolska.com\/archiwumraportow\/wp-json\/wp\/v2\/types\/post"}],"author":[{"embeddable":true,"href":"https:\/\/public.kantarpolska.com\/archiwumraportow\/wp-json\/wp\/v2\/users\/1"}],"replies":[{"embeddable":true,"href":"https:\/\/public.kantarpolska.com\/archiwumraportow\/wp-json\/wp\/v2\/comments?post=459"}],"version-history":[{"count":0,"href":"https:\/\/public.kantarpolska.com\/archiwumraportow\/wp-json\/wp\/v2\/posts\/459\/revisions"}],"wp:attachment":[{"href":"https:\/\/public.kantarpolska.com\/archiwumraportow\/wp-json\/wp\/v2\/media?parent=459"}],"wp:term":[{"taxonomy":"category","embeddable":true,"href":"https:\/\/public.kantarpolska.com\/archiwumraportow\/wp-json\/wp\/v2\/categories?post=459"},{"taxonomy":"post_tag","embeddable":true,"href":"https:\/\/public.kantarpolska.com\/archiwumraportow\/wp-json\/wp\/v2\/tags?post=459"}],"curies":[{"name":"wp","href":"https:\/\/api.w.org\/{rel}","templated":true}]}}