
{"id":4555,"date":"2007-02-05T00:00:00","date_gmt":"2007-02-05T00:00:00","guid":{"rendered":"https:\/\/www.tnsglobal.pl\/archiwumraportow\/2007\/02\/05\/spoleczne-oceny-rzadu-premiera-i-prezydenta-w-lutym-2007-roku\/"},"modified":"2007-02-05T00:00:00","modified_gmt":"2007-02-05T00:00:00","slug":"spoleczne-oceny-rzadu-premiera-i-prezydenta-w-lutym-2007-roku","status":"publish","type":"post","link":"https:\/\/public.kantarpolska.com\/archiwumraportow\/2007\/02\/05\/spoleczne-oceny-rzadu-premiera-i-prezydenta-w-lutym-2007-roku\/","title":{"rendered":"Spo\u0142eczne oceny rz\u0105du, premiera i prezydenta w lutym 2007 roku"},"content":{"rendered":"<p>Na pocz\u0105tku ka\u017cdego miesi\u0105ca TNS OBOP realizuje sonda\u017c po\u015bwi\u0119cony spo\u0142ecznej ocenie dzia\u0142alno\u015bci obecnego rz\u0105du, premiera i prezydenta. Tak\u017ce w lutym 2007 r. zapytano respondent\u00f3w, jak oceniaj\u0105 wype\u0142nianie obowi\u0105zk\u00f3w<!--more--> premiera przez Jaros\u0142awa Kaczy\u0144skiego, dzia\u0142alno\u015b\u0107 kierowanego przez niego rz\u0105du, a tak\u017ce wype\u0142nianie obowi\u0105zk\u00f3w prezydenta przez Lech Kaczy\u0144skiego. W komunikacie zaprezentowane zosta\u0142y wyniki pomiaru pozytywnych i negatywnych ocen premiera, rz\u0105du oraz prezydenta. Oceny prezydenta, premiera i rz\u0105du odniesione zosta\u0142y do ich poprzednich notowa\u0144. Oceny Jaros\u0142awa Kaczy\u0144skiego i jego gabinetu por\u00f3wnane s\u0105 dodatkowo z ocenami rz\u0105du Kazimierza Marcinkiewicza, natomiast oceny Lecha Kaczy\u0144skiego z ocenami Aleksandra Kwa\u015bniewskiego.<\/p>\n<div class=\"infopay\">Raport udost\u0119pniany jest bezp\u0142atnie, w us\u0142udze &#8222;udost\u0119pnij aby pobra\u0107&#8221;.<br \/>\n          <b>Na czym to polega?<\/b> Raport b\u0119dzie dost\u0119pny do pobrania w pdf po udost\u0119pnieniu wpisu z linkiem do Archiwum Raport\u00f3w TNS Polska na wybranym serwisie spo\u0142eczno\u015bciowym: Facebooku lub Twitterze.\n          <\/div>\n","protected":false},"excerpt":{"rendered":"<p>Na pocz\u0105tku ka\u017cdego miesi\u0105ca TNS OBOP realizuje sonda\u017c po\u015bwi\u0119cony spo\u0142ecznej ocenie dzia\u0142alno\u015bci obecnego rz\u0105du, premiera i prezydenta. Tak\u017ce w lutym 2007 r. zapytano respondent\u00f3w, jak oceniaj\u0105 wype\u0142nianie obowi\u0105zk\u00f3w<\/p>\n","protected":false},"author":1,"featured_media":0,"comment_status":"closed","ping_status":"closed","sticky":false,"template":"","format":"standard","meta":{"ngg_post_thumbnail":0},"categories":[1],"tags":[],"_links":{"self":[{"href":"https:\/\/public.kantarpolska.com\/archiwumraportow\/wp-json\/wp\/v2\/posts\/4555"}],"collection":[{"href":"https:\/\/public.kantarpolska.com\/archiwumraportow\/wp-json\/wp\/v2\/posts"}],"about":[{"href":"https:\/\/public.kantarpolska.com\/archiwumraportow\/wp-json\/wp\/v2\/types\/post"}],"author":[{"embeddable":true,"href":"https:\/\/public.kantarpolska.com\/archiwumraportow\/wp-json\/wp\/v2\/users\/1"}],"replies":[{"embeddable":true,"href":"https:\/\/public.kantarpolska.com\/archiwumraportow\/wp-json\/wp\/v2\/comments?post=4555"}],"version-history":[{"count":0,"href":"https:\/\/public.kantarpolska.com\/archiwumraportow\/wp-json\/wp\/v2\/posts\/4555\/revisions"}],"wp:attachment":[{"href":"https:\/\/public.kantarpolska.com\/archiwumraportow\/wp-json\/wp\/v2\/media?parent=4555"}],"wp:term":[{"taxonomy":"category","embeddable":true,"href":"https:\/\/public.kantarpolska.com\/archiwumraportow\/wp-json\/wp\/v2\/categories?post=4555"},{"taxonomy":"post_tag","embeddable":true,"href":"https:\/\/public.kantarpolska.com\/archiwumraportow\/wp-json\/wp\/v2\/tags?post=4555"}],"curies":[{"name":"wp","href":"https:\/\/api.w.org\/{rel}","templated":true}]}}