
{"id":452,"date":"2001-08-19T00:00:00","date_gmt":"2001-08-19T00:00:00","guid":{"rendered":"https:\/\/www.tnsglobal.pl\/archiwumraportow\/2001\/08\/19\/ocena-rzadu-premiera-i-prezydenta-w-drugiej-polowie-sierpnia-2001-r\/"},"modified":"2001-08-19T00:00:00","modified_gmt":"2001-08-19T00:00:00","slug":"ocena-rzadu-premiera-i-prezydenta-w-drugiej-polowie-sierpnia-2001-r","status":"publish","type":"post","link":"https:\/\/public.kantarpolska.com\/archiwumraportow\/2001\/08\/19\/ocena-rzadu-premiera-i-prezydenta-w-drugiej-polowie-sierpnia-2001-r\/","title":{"rendered":"Ocena rz\u0105du, premiera i prezydenta w drugiej po\u0142owie sierpnia 2001 r."},"content":{"rendered":"<p>W drugiej po\u0142owie sierpnia, jeszcze przed zdymisjonowaniem ministra finans\u00f3w Jaros\u0142awa Bauca, po raz przedostatni w tej kadencji rz\u0105du i parlamentu przeprowadzili\u015bmy pomiar akceptacji dla dzia\u0142a\u0144 g\u0142\u00f3wnych instytucji<!--more--> w\u0142adzy: rz\u0105du, premiera i prezydenta. Przypomnijmy, \u017ce nasz poprzedni sonda\u017c realizowali\u015bmy dwa tygodnie wcze\u015bniej &#8211; w\u00f3wczas to odnotowali\u015bmy najgorsze opinie o rz\u0105dzie od pocz\u0105tku trwania jego kadencji. Najgorsze od trzech lat wyniki by\u0142y te\u017c udzia\u0142em prezydenta. Czy i jak zmieni\u0142y si\u0119 od tego czasu opinie Polak\u00f3w o dzia\u0142aniach najwa\u017cniejszych instytucji w\u0142adzy m\u00f3wi\u0105 wyniki naszego badania zrealizowanego na miesi\u0105c przed wyborami parlamentarnymi.<\/p>\n<div class=\"infopay\">Raport udost\u0119pniany jest bezp\u0142atnie, w us\u0142udze &#8222;udost\u0119pnij aby pobra\u0107&#8221;.<br \/>\n          <b>Na czym to polega?<\/b> Raport b\u0119dzie dost\u0119pny do pobrania w pdf po udost\u0119pnieniu wpisu z linkiem do Archiwum Raport\u00f3w TNS Polska na wybranym serwisie spo\u0142eczno\u015bciowym: Facebooku lub Twitterze.\n          <\/div>\n","protected":false},"excerpt":{"rendered":"<p>W drugiej po\u0142owie sierpnia, jeszcze przed zdymisjonowaniem ministra finans\u00f3w Jaros\u0142awa Bauca, po raz przedostatni w tej kadencji rz\u0105du i parlamentu przeprowadzili\u015bmy pomiar akceptacji dla dzia\u0142a\u0144 g\u0142\u00f3wnych instytucji<\/p>\n","protected":false},"author":1,"featured_media":0,"comment_status":"closed","ping_status":"closed","sticky":false,"template":"","format":"standard","meta":{"ngg_post_thumbnail":0},"categories":[1],"tags":[],"_links":{"self":[{"href":"https:\/\/public.kantarpolska.com\/archiwumraportow\/wp-json\/wp\/v2\/posts\/452"}],"collection":[{"href":"https:\/\/public.kantarpolska.com\/archiwumraportow\/wp-json\/wp\/v2\/posts"}],"about":[{"href":"https:\/\/public.kantarpolska.com\/archiwumraportow\/wp-json\/wp\/v2\/types\/post"}],"author":[{"embeddable":true,"href":"https:\/\/public.kantarpolska.com\/archiwumraportow\/wp-json\/wp\/v2\/users\/1"}],"replies":[{"embeddable":true,"href":"https:\/\/public.kantarpolska.com\/archiwumraportow\/wp-json\/wp\/v2\/comments?post=452"}],"version-history":[{"count":0,"href":"https:\/\/public.kantarpolska.com\/archiwumraportow\/wp-json\/wp\/v2\/posts\/452\/revisions"}],"wp:attachment":[{"href":"https:\/\/public.kantarpolska.com\/archiwumraportow\/wp-json\/wp\/v2\/media?parent=452"}],"wp:term":[{"taxonomy":"category","embeddable":true,"href":"https:\/\/public.kantarpolska.com\/archiwumraportow\/wp-json\/wp\/v2\/categories?post=452"},{"taxonomy":"post_tag","embeddable":true,"href":"https:\/\/public.kantarpolska.com\/archiwumraportow\/wp-json\/wp\/v2\/tags?post=452"}],"curies":[{"name":"wp","href":"https:\/\/api.w.org\/{rel}","templated":true}]}}