
{"id":4517,"date":"2006-07-10T00:00:00","date_gmt":"2006-07-10T00:00:00","guid":{"rendered":"https:\/\/www.tnsglobal.pl\/archiwumraportow\/2006\/07\/10\/preferencje-partyjne-polakow-w-lipcu-2006-r\/"},"modified":"2006-07-10T00:00:00","modified_gmt":"2006-07-10T00:00:00","slug":"preferencje-partyjne-polakow-w-lipcu-2006-r","status":"publish","type":"post","link":"https:\/\/public.kantarpolska.com\/archiwumraportow\/2006\/07\/10\/preferencje-partyjne-polakow-w-lipcu-2006-r\/","title":{"rendered":"Preferencje partyjne Polak\u00f3w w lipcu 2006 r."},"content":{"rendered":"<p>Najnowszy sonda\u017c preferencji partyjnych TNS OBOP przeprowadzony zosta\u0142 w drugi weekend lipca. Informacja o tym, \u017ce Jaros\u0142aw Kaczy\u0144ski zast\u0105pi na stanowisku premiera Kazimierza Marcinkiewicza pojawi\u0142a si\u0119 ju\u017c trakcie<!--more--> trwania realizacji terenowej naszego badania; do dymisji dosz\u0142o w ostatnim dniu jej trwania. Cztery dni p\u00f3\u017aniej nast\u0105pi\u0142o zaprzysi\u0119\u017cenie nowego premiera i jego rz\u0105du. Prezentowane w tym opracowaniu wyniki preferencji partyjnych dotycz\u0105 wi\u0119c okresu zmian personalnych na szczytach w\u0142adzy.<\/p>\n<div class=\"infopay\">Raport udost\u0119pniany jest bezp\u0142atnie, w us\u0142udze &#8222;udost\u0119pnij aby pobra\u0107&#8221;.<br \/>\n          <b>Na czym to polega?<\/b> Raport b\u0119dzie dost\u0119pny do pobrania w pdf po udost\u0119pnieniu wpisu z linkiem do Archiwum Raport\u00f3w TNS Polska na wybranym serwisie spo\u0142eczno\u015bciowym: Facebooku lub Twitterze.\n          <\/div>\n","protected":false},"excerpt":{"rendered":"<p>Najnowszy sonda\u017c preferencji partyjnych TNS OBOP przeprowadzony zosta\u0142 w drugi weekend lipca. Informacja o tym, \u017ce Jaros\u0142aw Kaczy\u0144ski zast\u0105pi na stanowisku premiera Kazimierza Marcinkiewicza pojawi\u0142a si\u0119 ju\u017c trakcie<\/p>\n","protected":false},"author":1,"featured_media":0,"comment_status":"closed","ping_status":"closed","sticky":false,"template":"","format":"standard","meta":{"ngg_post_thumbnail":0},"categories":[1],"tags":[],"_links":{"self":[{"href":"https:\/\/public.kantarpolska.com\/archiwumraportow\/wp-json\/wp\/v2\/posts\/4517"}],"collection":[{"href":"https:\/\/public.kantarpolska.com\/archiwumraportow\/wp-json\/wp\/v2\/posts"}],"about":[{"href":"https:\/\/public.kantarpolska.com\/archiwumraportow\/wp-json\/wp\/v2\/types\/post"}],"author":[{"embeddable":true,"href":"https:\/\/public.kantarpolska.com\/archiwumraportow\/wp-json\/wp\/v2\/users\/1"}],"replies":[{"embeddable":true,"href":"https:\/\/public.kantarpolska.com\/archiwumraportow\/wp-json\/wp\/v2\/comments?post=4517"}],"version-history":[{"count":0,"href":"https:\/\/public.kantarpolska.com\/archiwumraportow\/wp-json\/wp\/v2\/posts\/4517\/revisions"}],"wp:attachment":[{"href":"https:\/\/public.kantarpolska.com\/archiwumraportow\/wp-json\/wp\/v2\/media?parent=4517"}],"wp:term":[{"taxonomy":"category","embeddable":true,"href":"https:\/\/public.kantarpolska.com\/archiwumraportow\/wp-json\/wp\/v2\/categories?post=4517"},{"taxonomy":"post_tag","embeddable":true,"href":"https:\/\/public.kantarpolska.com\/archiwumraportow\/wp-json\/wp\/v2\/tags?post=4517"}],"curies":[{"name":"wp","href":"https:\/\/api.w.org\/{rel}","templated":true}]}}