
{"id":4511,"date":"2006-06-05T00:00:00","date_gmt":"2006-06-05T00:00:00","guid":{"rendered":"https:\/\/www.tnsglobal.pl\/archiwumraportow\/2006\/06\/05\/preferencje-partyjne-polakow-w-czerwcu-2006-r\/"},"modified":"2006-06-05T00:00:00","modified_gmt":"2006-06-05T00:00:00","slug":"preferencje-partyjne-polakow-w-czerwcu-2006-r","status":"publish","type":"post","link":"https:\/\/public.kantarpolska.com\/archiwumraportow\/2006\/06\/05\/preferencje-partyjne-polakow-w-czerwcu-2006-r\/","title":{"rendered":"Preferencje partyjne Polak\u00f3w w czerwcu 2006 r."},"content":{"rendered":"<p>Komunikat prezentuje wyniki czerwcowego pomiaru preferencji partyjnych Polak\u00f3w, kt\u00f3ry realizowany by\u0142 w pierwszy weekend tego miesi\u0105ca. W sonda\u017cu tym &#8211; jak co miesi\u0105c &#8211; zapytali\u015bmy Polak\u00f3w o gotowo\u015b\u0107<!--more--> g\u0142osowania, gdyby wybory mia\u0142y odbywa\u0107 si\u0119 w najbli\u017csz\u0105 niedziel\u0119, a nast\u0119pnie &#8211; osoby deklaruj\u0105ce ch\u0119\u0107 p\u00f3j\u015bcia do urn &#8211;  kt\u00f3rej z partii przekazaliby poparcie. Badanie realizowali\u015bmy w czasie trwania kongresu PiS.<\/p>\n<div class=\"infopay\">Raport udost\u0119pniany jest bezp\u0142atnie, w us\u0142udze &#8222;udost\u0119pnij aby pobra\u0107&#8221;.<br \/>\n          <b>Na czym to polega?<\/b> Raport b\u0119dzie dost\u0119pny do pobrania w pdf po udost\u0119pnieniu wpisu z linkiem do Archiwum Raport\u00f3w TNS Polska na wybranym serwisie spo\u0142eczno\u015bciowym: Facebooku lub Twitterze.\n          <\/div>\n","protected":false},"excerpt":{"rendered":"<p>Komunikat prezentuje wyniki czerwcowego pomiaru preferencji partyjnych Polak\u00f3w, kt\u00f3ry realizowany by\u0142 w pierwszy weekend tego miesi\u0105ca. W sonda\u017cu tym &#8211; jak co miesi\u0105c &#8211; zapytali\u015bmy Polak\u00f3w o gotowo\u015b\u0107<\/p>\n","protected":false},"author":1,"featured_media":0,"comment_status":"closed","ping_status":"closed","sticky":false,"template":"","format":"standard","meta":{"ngg_post_thumbnail":0},"categories":[1],"tags":[],"_links":{"self":[{"href":"https:\/\/public.kantarpolska.com\/archiwumraportow\/wp-json\/wp\/v2\/posts\/4511"}],"collection":[{"href":"https:\/\/public.kantarpolska.com\/archiwumraportow\/wp-json\/wp\/v2\/posts"}],"about":[{"href":"https:\/\/public.kantarpolska.com\/archiwumraportow\/wp-json\/wp\/v2\/types\/post"}],"author":[{"embeddable":true,"href":"https:\/\/public.kantarpolska.com\/archiwumraportow\/wp-json\/wp\/v2\/users\/1"}],"replies":[{"embeddable":true,"href":"https:\/\/public.kantarpolska.com\/archiwumraportow\/wp-json\/wp\/v2\/comments?post=4511"}],"version-history":[{"count":0,"href":"https:\/\/public.kantarpolska.com\/archiwumraportow\/wp-json\/wp\/v2\/posts\/4511\/revisions"}],"wp:attachment":[{"href":"https:\/\/public.kantarpolska.com\/archiwumraportow\/wp-json\/wp\/v2\/media?parent=4511"}],"wp:term":[{"taxonomy":"category","embeddable":true,"href":"https:\/\/public.kantarpolska.com\/archiwumraportow\/wp-json\/wp\/v2\/categories?post=4511"},{"taxonomy":"post_tag","embeddable":true,"href":"https:\/\/public.kantarpolska.com\/archiwumraportow\/wp-json\/wp\/v2\/tags?post=4511"}],"curies":[{"name":"wp","href":"https:\/\/api.w.org\/{rel}","templated":true}]}}