
{"id":4506,"date":"2006-05-15T00:00:00","date_gmt":"2006-05-15T00:00:00","guid":{"rendered":"https:\/\/www.tnsglobal.pl\/archiwumraportow\/2006\/05\/15\/preferencje-partyjne-polakow-w-maju-2006-r\/"},"modified":"2006-05-15T00:00:00","modified_gmt":"2006-05-15T00:00:00","slug":"preferencje-partyjne-polakow-w-maju-2006-r","status":"publish","type":"post","link":"https:\/\/public.kantarpolska.com\/archiwumraportow\/2006\/05\/15\/preferencje-partyjne-polakow-w-maju-2006-r\/","title":{"rendered":"Preferencje partyjne Polak\u00f3w w maju 2006 r."},"content":{"rendered":"<p>W po\u0142owie maja 2006 r. &#8211; ju\u017c po stworzeniu rz\u0105dowej koalicji PiS-Samoobrona-LPR, kiedy w zrekonstruowanym rz\u0105dzie funkcj\u0119 wicepremiera i ministra  rolnictwa obj\u0105\u0142 Andrzej Lepper, a wicepremiera<!--more--> i ministra edukacji narodowej Roman Giertych &#8211; TNS OBOP przeprowadzi\u0142 badanie preferencji partyjnych Polak\u00f3w. W sonda\u017cu tym &#8211; jak ka\u017cdego miesi\u0105ca &#8211; zapytano Polak\u00f3w czy uczestniczyliby w wyborach parlamentarnych, gdyby mia\u0142y si\u0119 one odbywa\u0107 w najbli\u017csz\u0105 niedziel\u0119 i kt\u00f3rej partii &#8211; je\u015bli zapowiadaj\u0105 zamiar g\u0142osowania &#8211; przekazaliby poparcie. Komunikat prezentuje wyniki tego sonada\u017cu.<\/p>\n<div class=\"infopay\">Raport udost\u0119pniany jest bezp\u0142atnie, w us\u0142udze &#8222;udost\u0119pnij aby pobra\u0107&#8221;.<br \/>\n          <b>Na czym to polega?<\/b> Raport b\u0119dzie dost\u0119pny do pobrania w pdf po udost\u0119pnieniu wpisu z linkiem do Archiwum Raport\u00f3w TNS Polska na wybranym serwisie spo\u0142eczno\u015bciowym: Facebooku lub Twitterze.\n          <\/div>\n","protected":false},"excerpt":{"rendered":"<p>W po\u0142owie maja 2006 r. &#8211; ju\u017c po stworzeniu rz\u0105dowej koalicji PiS-Samoobrona-LPR, kiedy w zrekonstruowanym rz\u0105dzie funkcj\u0119 wicepremiera i ministra rolnictwa obj\u0105\u0142 Andrzej Lepper, a wicepremiera<\/p>\n","protected":false},"author":1,"featured_media":0,"comment_status":"closed","ping_status":"closed","sticky":false,"template":"","format":"standard","meta":{"ngg_post_thumbnail":0},"categories":[1],"tags":[],"_links":{"self":[{"href":"https:\/\/public.kantarpolska.com\/archiwumraportow\/wp-json\/wp\/v2\/posts\/4506"}],"collection":[{"href":"https:\/\/public.kantarpolska.com\/archiwumraportow\/wp-json\/wp\/v2\/posts"}],"about":[{"href":"https:\/\/public.kantarpolska.com\/archiwumraportow\/wp-json\/wp\/v2\/types\/post"}],"author":[{"embeddable":true,"href":"https:\/\/public.kantarpolska.com\/archiwumraportow\/wp-json\/wp\/v2\/users\/1"}],"replies":[{"embeddable":true,"href":"https:\/\/public.kantarpolska.com\/archiwumraportow\/wp-json\/wp\/v2\/comments?post=4506"}],"version-history":[{"count":0,"href":"https:\/\/public.kantarpolska.com\/archiwumraportow\/wp-json\/wp\/v2\/posts\/4506\/revisions"}],"wp:attachment":[{"href":"https:\/\/public.kantarpolska.com\/archiwumraportow\/wp-json\/wp\/v2\/media?parent=4506"}],"wp:term":[{"taxonomy":"category","embeddable":true,"href":"https:\/\/public.kantarpolska.com\/archiwumraportow\/wp-json\/wp\/v2\/categories?post=4506"},{"taxonomy":"post_tag","embeddable":true,"href":"https:\/\/public.kantarpolska.com\/archiwumraportow\/wp-json\/wp\/v2\/tags?post=4506"}],"curies":[{"name":"wp","href":"https:\/\/api.w.org\/{rel}","templated":true}]}}