
{"id":4505,"date":"2006-05-15T00:00:00","date_gmt":"2006-05-15T00:00:00","guid":{"rendered":"https:\/\/www.tnsglobal.pl\/archiwumraportow\/2006\/05\/15\/koalicja-1-2\/"},"modified":"2006-05-15T00:00:00","modified_gmt":"2006-05-15T00:00:00","slug":"koalicja-1-2","status":"publish","type":"post","link":"https:\/\/public.kantarpolska.com\/archiwumraportow\/2006\/05\/15\/koalicja-1-2\/","title":{"rendered":"Koalicja 1 + 2."},"content":{"rendered":"<p>W p\u00f3\u0142 roku po wyborach, po kilku miesi\u0105cach niejasno\u015bci, na prze\u0142omie kwietnia i maja 2006 r. zosta\u0142a zawarta koalicja, ale inna ni\u017c ta, kt\u00f3rej spodziewano si\u0119 przed wyborami.<!--more--> Powsta\u0142a koalicja 1+2, Prawa Sprawiedliwo\u015bci z Samoobron\u0105 RP i Lig\u0105 Polskich Rodzin, dysponuj\u0105ca w Sejmie wi\u0119kszo\u015bci\u0105 g\u0142os\u00f3w, a mniejszo\u015bciowy dotychczas rz\u0105d PiS zosta\u0142 uzupe\u0142niony o przedstawicieli Samoobrony i LPR i sta\u0142 si\u0119 rz\u0105dem koalicyjnym, opartym o wi\u0119kszo\u015b\u0107 parlamentarn\u0105, a nie o &#8222;pakt stabilizacyjny&#8221;. Zawarcie tej koalicji zosta\u0142o okre\u015blone przez jej architekta jako &#8222;dobra wiadomo\u015b\u0107&#8221; dla Polski, za\u015b przez opozycj\u0119 zosta\u0142o przyj\u0119te negatywnie. W sonda\u017cu TNS OBOP, przeprowadzonym w dniach 11-15 maja 2006 r. zbadano spo\u0142eczn\u0105 ocen\u0119 koalicji,  a komunikat przedstawia wyniki tego badania.<\/p>\n<div class=\"infopay\">Raport udost\u0119pniany jest bezp\u0142atnie, w us\u0142udze &#8222;udost\u0119pnij aby pobra\u0107&#8221;.<br \/>\n          <b>Na czym to polega?<\/b> Raport b\u0119dzie dost\u0119pny do pobrania w pdf po udost\u0119pnieniu wpisu z linkiem do Archiwum Raport\u00f3w TNS Polska na wybranym serwisie spo\u0142eczno\u015bciowym: Facebooku lub Twitterze.\n          <\/div>\n","protected":false},"excerpt":{"rendered":"<p>W p\u00f3\u0142 roku po wyborach, po kilku miesi\u0105cach niejasno\u015bci, na prze\u0142omie kwietnia i maja 2006 r. zosta\u0142a zawarta koalicja, ale inna ni\u017c ta, kt\u00f3rej spodziewano si\u0119 przed wyborami.<\/p>\n","protected":false},"author":1,"featured_media":0,"comment_status":"closed","ping_status":"closed","sticky":false,"template":"","format":"standard","meta":{"ngg_post_thumbnail":0},"categories":[1],"tags":[],"_links":{"self":[{"href":"https:\/\/public.kantarpolska.com\/archiwumraportow\/wp-json\/wp\/v2\/posts\/4505"}],"collection":[{"href":"https:\/\/public.kantarpolska.com\/archiwumraportow\/wp-json\/wp\/v2\/posts"}],"about":[{"href":"https:\/\/public.kantarpolska.com\/archiwumraportow\/wp-json\/wp\/v2\/types\/post"}],"author":[{"embeddable":true,"href":"https:\/\/public.kantarpolska.com\/archiwumraportow\/wp-json\/wp\/v2\/users\/1"}],"replies":[{"embeddable":true,"href":"https:\/\/public.kantarpolska.com\/archiwumraportow\/wp-json\/wp\/v2\/comments?post=4505"}],"version-history":[{"count":0,"href":"https:\/\/public.kantarpolska.com\/archiwumraportow\/wp-json\/wp\/v2\/posts\/4505\/revisions"}],"wp:attachment":[{"href":"https:\/\/public.kantarpolska.com\/archiwumraportow\/wp-json\/wp\/v2\/media?parent=4505"}],"wp:term":[{"taxonomy":"category","embeddable":true,"href":"https:\/\/public.kantarpolska.com\/archiwumraportow\/wp-json\/wp\/v2\/categories?post=4505"},{"taxonomy":"post_tag","embeddable":true,"href":"https:\/\/public.kantarpolska.com\/archiwumraportow\/wp-json\/wp\/v2\/tags?post=4505"}],"curies":[{"name":"wp","href":"https:\/\/api.w.org\/{rel}","templated":true}]}}