
{"id":4501,"date":"2006-04-10T00:00:00","date_gmt":"2006-04-10T00:00:00","guid":{"rendered":"https:\/\/www.tnsglobal.pl\/archiwumraportow\/2006\/04\/10\/polska-w-rok-po-smierci-jana-pawla-ii\/"},"modified":"2006-04-10T00:00:00","modified_gmt":"2006-04-10T00:00:00","slug":"polska-w-rok-po-smierci-jana-pawla-ii","status":"publish","type":"post","link":"https:\/\/public.kantarpolska.com\/archiwumraportow\/2006\/04\/10\/polska-w-rok-po-smierci-jana-pawla-ii\/","title":{"rendered":"Polska w rok po \u015bmierci Jana Paw\u0142a II"},"content":{"rendered":"<p>&#8222;\u015amier\u0107 i pogrzeb papie\u017ca Jana Paw\u0142a II by\u0142y wydarzeniami, kt\u00f3re w pierwszym tygodniu kwietnia 2005 r. uczyni\u0142y Polsk\u0119 pa\u0144stwem czasu wyj\u0105tkowego. Z przestrzeni publicznej, z medi\u00f3w<!--more--> i z rozm\u00f3w mi\u0119dzy lud\u017ami znik\u0142a polityka, zast\u0105pi\u0142a j\u0105 \u015bmier\u0107 Jana Paw\u0142a. Telewizja upowszechnia\u0142a obrazy masowego kultu, przej\u0119cia si\u0119 \u015bmierci\u0105, \u017calu i \u017ca\u0142oby&#8221;  Od takiego opisu Polski wychodzi\u0142 raport z badania TNS OBOP z kwietnia 2005 r. (Polska czasu wyj\u0105tkowego). Raport ten dokumentowa\u0142 \u00f3wczesne zachowania, uczucia i my\u015bli Polak\u00f3w. rnPierwsza rocznica \u015bmierci Jana Paw\u0142a II by\u0142a nie tylko przypomnieniem tamtego wydarzenia, ale pod wieloma wzgl\u0119dami przypomina\u0142a atmosfer\u0119 towarzysz\u0105c\u0105 \u015bmierci i pogrzebowi papie\u017ca. Przeprowadzone w kwietniu 2006 r. badanie ukazuje formy i zasi\u0119g zachowa\u0144 kommemoracyjnych oraz opinie ludzi o zmianach, kt\u00f3re nast\u0105pi\u0142y w nich samych i w spo\u0142ecze\u0144stwie po \u015bmierci Jana Paw\u0142a II.<\/p>\n<div class=\"infopay\">Raport udost\u0119pniany jest bezp\u0142atnie, w us\u0142udze &#8222;udost\u0119pnij aby pobra\u0107&#8221;.<br \/>\n          <b>Na czym to polega?<\/b> Raport b\u0119dzie dost\u0119pny do pobrania w pdf po udost\u0119pnieniu wpisu z linkiem do Archiwum Raport\u00f3w TNS Polska na wybranym serwisie spo\u0142eczno\u015bciowym: Facebooku lub Twitterze.\n          <\/div>\n","protected":false},"excerpt":{"rendered":"<p>&#8222;\u015amier\u0107 i pogrzeb papie\u017ca Jana Paw\u0142a II by\u0142y wydarzeniami, kt\u00f3re w pierwszym tygodniu kwietnia 2005 r. uczyni\u0142y Polsk\u0119 pa\u0144stwem czasu wyj\u0105tkowego. Z przestrzeni publicznej, z medi\u00f3w<\/p>\n","protected":false},"author":1,"featured_media":0,"comment_status":"closed","ping_status":"closed","sticky":false,"template":"","format":"standard","meta":{"ngg_post_thumbnail":0},"categories":[1],"tags":[],"_links":{"self":[{"href":"https:\/\/public.kantarpolska.com\/archiwumraportow\/wp-json\/wp\/v2\/posts\/4501"}],"collection":[{"href":"https:\/\/public.kantarpolska.com\/archiwumraportow\/wp-json\/wp\/v2\/posts"}],"about":[{"href":"https:\/\/public.kantarpolska.com\/archiwumraportow\/wp-json\/wp\/v2\/types\/post"}],"author":[{"embeddable":true,"href":"https:\/\/public.kantarpolska.com\/archiwumraportow\/wp-json\/wp\/v2\/users\/1"}],"replies":[{"embeddable":true,"href":"https:\/\/public.kantarpolska.com\/archiwumraportow\/wp-json\/wp\/v2\/comments?post=4501"}],"version-history":[{"count":0,"href":"https:\/\/public.kantarpolska.com\/archiwumraportow\/wp-json\/wp\/v2\/posts\/4501\/revisions"}],"wp:attachment":[{"href":"https:\/\/public.kantarpolska.com\/archiwumraportow\/wp-json\/wp\/v2\/media?parent=4501"}],"wp:term":[{"taxonomy":"category","embeddable":true,"href":"https:\/\/public.kantarpolska.com\/archiwumraportow\/wp-json\/wp\/v2\/categories?post=4501"},{"taxonomy":"post_tag","embeddable":true,"href":"https:\/\/public.kantarpolska.com\/archiwumraportow\/wp-json\/wp\/v2\/tags?post=4501"}],"curies":[{"name":"wp","href":"https:\/\/api.w.org\/{rel}","templated":true}]}}